{"id":8558,"date":"2015-07-24T23:44:56","date_gmt":"2015-07-24T21:44:56","guid":{"rendered":"http:\/\/www.friedenkoeln.de\/?p=8558"},"modified":"2015-07-24T23:50:43","modified_gmt":"2015-07-24T21:50:43","slug":"umfrage-diskriminierung-in-deutschland-2015","status":"publish","type":"post","link":"https:\/\/www.friedenkoeln.de\/?p=8558","title":{"rendered":"Umfrage &#8222;Diskriminierung in Deutschland 2015&#8220;"},"content":{"rendered":"<p><a href=\"http:\/\/www.friedenkoeln.de\/wp-content\/uploads\/2015\/07\/Webbanner.jpg\" data-id=\"8563\" data-rel=\"lightbox-image-0\" data-rl_title=\"\" data-rl_caption=\"\" title=\"\"><img loading=\"lazy\" decoding=\"async\" class=\"alignnone size-medium wp-image-8563\" src=\"http:\/\/www.friedenkoeln.de\/wp-content\/uploads\/2015\/07\/Webbanner-320x190.jpg\" alt=\"Webbanner\" width=\"320\" height=\"190\" \/><\/a><\/p>\n<p>Alle in Deutschland lebenden Menschen ab 14 Jahren k\u00f6nnen sich vom 1. September bis 30. November 2015 an einer Umfrage zu Diskriminierungs-erfahrungen beteiligen.<\/p>\n<p>Diese Umfrage, die die Antidiskriminierungsstelle des Bundes gemeinsam mit dem Berliner Institut f\u00fcr empirische Integrations- und Migrationsforschung durchf\u00fchrt, soll Diskriminierungen sichtbar machen. &#8222;Wir wollen auch wissen, welche Auswirkungen Diskriminierungen auf Menschen haben und wie sie damit umgehen. Mit den Ergebnissen werden wir konkrete Handlungsempfehlungen entwickeln, wie Diskriminierungen k\u00fcnftig verhindert werden k\u00f6nnen.&#8220; Erste Ergebnisse werden im Fr\u00fchjahr 2016 ver\u00f6ffentlicht. N\u00e4here Informationen: <a href=\"http:\/\/www.antidiskriminierungsstelle.de\/DE\/ThemenUndForschung\/Projekte\/Umfrage_Diskriminierung_in_Deutschland\/Umfrage_node.html\">http:\/\/www.antidiskriminierungsstelle.de\/DE\/ThemenUndForschung\/Projekte\/Umfrage_Diskriminierung_in_Deutschland\/Umfrage_node.html<\/a><\/p>\n","protected":false},"excerpt":{"rendered":"<p>Alle in Deutschland lebenden Menschen ab 14 Jahren k\u00f6nnen sich vom 1. September bis 30. November 2015 an einer Umfrage zu Diskriminierungs-erfahrungen beteiligen. Diese Umfrage, die die Antidiskriminierungsstelle des Bundes gemeinsam mit dem Berliner&#46;&#46;&#46;<\/p>\n","protected":false},"author":110,"featured_media":8559,"comment_status":"open","ping_status":"open","sticky":false,"template":"","format":"standard","meta":{"footnotes":""},"categories":[2],"tags":[32],"class_list":["post-8558","post","type-post","status-publish","format-standard","has-post-thumbnail","hentry","category-aktionen","tag-information-diskussion"],"_links":{"self":[{"href":"https:\/\/www.friedenkoeln.de\/index.php?rest_route=\/wp\/v2\/posts\/8558","targetHints":{"allow":["GET"]}}],"collection":[{"href":"https:\/\/www.friedenkoeln.de\/index.php?rest_route=\/wp\/v2\/posts"}],"about":[{"href":"https:\/\/www.friedenkoeln.de\/index.php?rest_route=\/wp\/v2\/types\/post"}],"author":[{"embeddable":true,"href":"https:\/\/www.friedenkoeln.de\/index.php?rest_route=\/wp\/v2\/users\/110"}],"replies":[{"embeddable":true,"href":"https:\/\/www.friedenkoeln.de\/index.php?rest_route=%2Fwp%2Fv2%2Fcomments&post=8558"}],"version-history":[{"count":3,"href":"https:\/\/www.friedenkoeln.de\/index.php?rest_route=\/wp\/v2\/posts\/8558\/revisions"}],"predecessor-version":[{"id":8564,"href":"https:\/\/www.friedenkoeln.de\/index.php?rest_route=\/wp\/v2\/posts\/8558\/revisions\/8564"}],"wp:featuredmedia":[{"embeddable":true,"href":"https:\/\/www.friedenkoeln.de\/index.php?rest_route=\/wp\/v2\/media\/8559"}],"wp:attachment":[{"href":"https:\/\/www.friedenkoeln.de\/index.php?rest_route=%2Fwp%2Fv2%2Fmedia&parent=8558"}],"wp:term":[{"taxonomy":"category","embeddable":true,"href":"https:\/\/www.friedenkoeln.de\/index.php?rest_route=%2Fwp%2Fv2%2Fcategories&post=8558"},{"taxonomy":"post_tag","embeddable":true,"href":"https:\/\/www.friedenkoeln.de\/index.php?rest_route=%2Fwp%2Fv2%2Ftags&post=8558"}],"curies":[{"name":"wp","href":"https:\/\/api.w.org\/{rel}","templated":true}]}}