{"id":8591,"date":"2015-07-26T23:56:44","date_gmt":"2015-07-26T21:56:44","guid":{"rendered":"http:\/\/www.friedenkoeln.de\/?p=8591"},"modified":"2015-07-26T23:56:44","modified_gmt":"2015-07-26T21:56:44","slug":"wg-jenseits-der-trivialisierung-des-toetens-ueber-krieg-geschichte-und-trauma","status":"publish","type":"post","link":"https:\/\/www.friedenkoeln.de\/?p=8591","title":{"rendered":"WG: Jenseits der Trivialisierung des T\u00f6tens \u00dcber Krieg, Geschichte und Trauma"},"content":{"rendered":"<p>Sendung im SWR 2 am 26. 7. 15.von Heike Brunkhorst und Roman Herzog<\/p>\n<p>Die Entgrenzung extremer Gewalt in unseren Gesellschaften trifft zugleich auf deren Trivialisierung. Woher kommt diese Eskalation des Folterns und T\u00f6tens in der Realit\u00e4t wie in den Medien? Und was macht sie mit Menschen, die ihr ausgesetzt sind? Janine di Giovanni berichtet seit \u00fcber 20 Jahren von immer brutaleren Kriegen. Erst im gew\u00f6hnlichen Alltagsleben ist sie zusammengebrochen. Ein israelischer Scharfsch\u00fctze hat an gezielten T\u00f6tungen mitgewirkt. Er hat sein Schweigen gebrochen, doch er leidet bis heute unter den psychischen Folgen. Und die Psychoanalytiker Fran\u00e7oise Davoine und Jean-Max Gaudilli\u00e8re verfolgen seit 40 J ahren die Weitergabe von Traumata \u00fcber Generationen hinweg. Gewalt ist das Fundament unserer Kultur, so ihr Fazit. Aber statt Angst und Schrecken zu verbreiten und gleichzeitig Gewalt immer weiter zu banalisieren, sollte es heute darum gehen, eine neue Art von Gemeinschaft zu schaffen, die sowohl die Kultur des Mordens als auch die Trivialisierung des T\u00f6tens hinter sich l\u00e4sst.<\/p>\n<p>Download der Sendung s. <a href=\"http:\/\/www.swr.de\/swr2\/programm\/sendungen\/feature\/swr2-feature-jenseits-der-trivialisierung-des-toetens\/-\/id=659934\/did=15574624\/nid=659934\/1gtz9lf\/index.html\">http:\/\/www.swr.de\/swr2\/programm\/sendungen\/feature\/swr2-feature-jenseits-der-trivialisierung-des-toetens\/-\/id=659934\/did=15574624\/nid=659934\/1gtz9lf\/index.html<\/a><\/p>\n","protected":false},"excerpt":{"rendered":"<p>Sendung im SWR 2 am 26. 7. 15.von Heike Brunkhorst und Roman Herzog Die Entgrenzung extremer Gewalt in unseren Gesellschaften trifft zugleich auf deren Trivialisierung. Woher kommt diese Eskalation des Folterns und T\u00f6tens in&#46;&#46;&#46;<\/p>\n","protected":false},"author":110,"featured_media":0,"comment_status":"open","ping_status":"open","sticky":false,"template":"","format":"standard","meta":{"footnotes":""},"categories":[],"tags":[32],"class_list":["post-8591","post","type-post","status-publish","format-standard","hentry","tag-information-diskussion"],"_links":{"self":[{"href":"https:\/\/www.friedenkoeln.de\/index.php?rest_route=\/wp\/v2\/posts\/8591","targetHints":{"allow":["GET"]}}],"collection":[{"href":"https:\/\/www.friedenkoeln.de\/index.php?rest_route=\/wp\/v2\/posts"}],"about":[{"href":"https:\/\/www.friedenkoeln.de\/index.php?rest_route=\/wp\/v2\/types\/post"}],"author":[{"embeddable":true,"href":"https:\/\/www.friedenkoeln.de\/index.php?rest_route=\/wp\/v2\/users\/110"}],"replies":[{"embeddable":true,"href":"https:\/\/www.friedenkoeln.de\/index.php?rest_route=%2Fwp%2Fv2%2Fcomments&post=8591"}],"version-history":[{"count":1,"href":"https:\/\/www.friedenkoeln.de\/index.php?rest_route=\/wp\/v2\/posts\/8591\/revisions"}],"predecessor-version":[{"id":8592,"href":"https:\/\/www.friedenkoeln.de\/index.php?rest_route=\/wp\/v2\/posts\/8591\/revisions\/8592"}],"wp:attachment":[{"href":"https:\/\/www.friedenkoeln.de\/index.php?rest_route=%2Fwp%2Fv2%2Fmedia&parent=8591"}],"wp:term":[{"taxonomy":"category","embeddable":true,"href":"https:\/\/www.friedenkoeln.de\/index.php?rest_route=%2Fwp%2Fv2%2Fcategories&post=8591"},{"taxonomy":"post_tag","embeddable":true,"href":"https:\/\/www.friedenkoeln.de\/index.php?rest_route=%2Fwp%2Fv2%2Ftags&post=8591"}],"curies":[{"name":"wp","href":"https:\/\/api.w.org\/{rel}","templated":true}]}}