{"id":8594,"date":"2015-07-31T13:38:51","date_gmt":"2015-07-31T11:38:51","guid":{"rendered":"http:\/\/www.friedenkoeln.de\/?p=8594"},"modified":"2015-07-31T13:59:45","modified_gmt":"2015-07-31T11:59:45","slug":"virtuelle-menschenkette-fuer-klimaschutz","status":"publish","type":"post","link":"https:\/\/www.friedenkoeln.de\/?p=8594","title":{"rendered":"Virtuelle Menschenkette f\u00fcr Klimaschutz"},"content":{"rendered":"<p><img loading=\"lazy\" decoding=\"async\" class=\"alignleft\" title=\"Klimawandel stoppen! Foto: J\u00f6rg Farys\/Die Projektoren\" src=\"https:\/\/www.bund.net\/uploads\/pics\/Cop21_200x135_3.jpg\" alt=\"Klimawandel stoppen! Foto: J\u00f6rg Farys\/Die Projektoren\" width=\"200\" height=\"135\" \/><\/p>\n<p>Noch nie war die CO2-Konzentration in der Luft so hoch wie im M\u00e4rz 2015. Der Weltklimagipfel in Paris muss daf\u00fcr sorgen, dass die klimasch\u00e4dlichen Emissionen runter gehen und die weltweite Energiewende vorankommt. Daf\u00fcr macht der BUND wir jetzt gemeinsam mit dem Netzwerk Friends of the Earth Druck mit einer internationalen Kampagne. Sie k\u00f6nnen mitmachen!<\/p>\n<p><a href=\"https:\/\/www.bund.net\/aktiv_werden\/aktionen\/klimaschutz_jetzt\/\">https:\/\/www.bund.net\/aktiv_werden\/aktionen\/klimaschutz_jetzt\/<\/a><\/p>\n","protected":false},"excerpt":{"rendered":"<p>Noch nie war die CO2-Konzentration in der Luft so hoch wie im M\u00e4rz 2015. Der Weltklimagipfel in Paris muss daf\u00fcr sorgen, dass die klimasch\u00e4dlichen Emissionen runter gehen und die weltweite Energiewende vorankommt. Daf\u00fcr macht&#46;&#46;&#46;<\/p>\n","protected":false},"author":110,"featured_media":8596,"comment_status":"open","ping_status":"open","sticky":false,"template":"","format":"standard","meta":{"footnotes":""},"categories":[2],"tags":[36],"class_list":["post-8594","post","type-post","status-publish","format-standard","has-post-thumbnail","hentry","category-aktionen","tag-oekologie-und-frieden"],"_links":{"self":[{"href":"https:\/\/www.friedenkoeln.de\/index.php?rest_route=\/wp\/v2\/posts\/8594","targetHints":{"allow":["GET"]}}],"collection":[{"href":"https:\/\/www.friedenkoeln.de\/index.php?rest_route=\/wp\/v2\/posts"}],"about":[{"href":"https:\/\/www.friedenkoeln.de\/index.php?rest_route=\/wp\/v2\/types\/post"}],"author":[{"embeddable":true,"href":"https:\/\/www.friedenkoeln.de\/index.php?rest_route=\/wp\/v2\/users\/110"}],"replies":[{"embeddable":true,"href":"https:\/\/www.friedenkoeln.de\/index.php?rest_route=%2Fwp%2Fv2%2Fcomments&post=8594"}],"version-history":[{"count":1,"href":"https:\/\/www.friedenkoeln.de\/index.php?rest_route=\/wp\/v2\/posts\/8594\/revisions"}],"predecessor-version":[{"id":8595,"href":"https:\/\/www.friedenkoeln.de\/index.php?rest_route=\/wp\/v2\/posts\/8594\/revisions\/8595"}],"wp:featuredmedia":[{"embeddable":true,"href":"https:\/\/www.friedenkoeln.de\/index.php?rest_route=\/wp\/v2\/media\/8596"}],"wp:attachment":[{"href":"https:\/\/www.friedenkoeln.de\/index.php?rest_route=%2Fwp%2Fv2%2Fmedia&parent=8594"}],"wp:term":[{"taxonomy":"category","embeddable":true,"href":"https:\/\/www.friedenkoeln.de\/index.php?rest_route=%2Fwp%2Fv2%2Fcategories&post=8594"},{"taxonomy":"post_tag","embeddable":true,"href":"https:\/\/www.friedenkoeln.de\/index.php?rest_route=%2Fwp%2Fv2%2Ftags&post=8594"}],"curies":[{"name":"wp","href":"https:\/\/api.w.org\/{rel}","templated":true}]}}