{"id":8597,"date":"2015-07-31T13:45:30","date_gmt":"2015-07-31T11:45:30","guid":{"rendered":"http:\/\/www.friedenkoeln.de\/?p=8597"},"modified":"2015-07-31T14:00:47","modified_gmt":"2015-07-31T12:00:47","slug":"klimacamp-aendert-ort","status":"publish","type":"post","link":"https:\/\/www.friedenkoeln.de\/?p=8597","title":{"rendered":"Klimacamp \u00e4ndert Ort"},"content":{"rendered":"<div id=\"yiv6832938731yui_3_16_0_1_1438005678726_16400\" class=\"\">\n<div id=\"yui_3_16_0_1_1438339966523_10911\"><b id=\"yiv6832938731yui_3_16_0_1_1438005678726_21927\" class=\"\">Los geht\u2019s mit dem Klimacamp im Rheinland (07. &#8211; 17.08.2015) <\/b><\/div>\n<\/div>\n<div id=\"yiv6832938731yui_3_16_0_1_1438005678726_16401\" class=\"\"><\/div>\n<div id=\"yiv6832938731yui_3_16_0_1_1438005678726_16402\" class=\"\">(Klima)Camps sind das Herz der Klimabewegung. Hier gibt es Workshops, Aktionstrainings, Debatten, Windrad-Baukurse, alternatives Leben, Musik. Hier atmen wir den s\u00fc\u00dfen Duft der Ver\u00e4nderung und sp\u00fcren, dass wir uns erm\u00e4chtigen k\u00f6nnen, eine sozial gerechte und \u00f6kologische Gesellschaft aufzubauen. Das rheinische Braunkohlerevier mit seinen f\u00fcnf dreckigen Kraftwerken und drei Tagebauen ist die gr\u00f6\u00dfte Emissionsquelle Europas. Hier k\u00f6nnen wir das \u00dcbel an der Wurzel packen: hier k\u00f6nnen wir Kohleabbau stoppen! Kommt alle!<\/div>\n<div id=\"yiv6832938731yui_3_16_0_1_1438005678726_22050\" class=\"\">Den gesamten Aufruf auch zum WEITERLEITEN findet ihr hier:<\/div>\n<div id=\"yiv6832938731yui_3_16_0_1_1438005678726_22049\" class=\"\"><a id=\"yiv6832938731yui_3_16_0_1_1438005678726_22048\" class=\"\" href=\"http:\/\/www.klimacamp-im-rheinland.de\/aufrufe\/klimacamp-aufruf\/\" target=\"_blank\" rel=\"nofollow\" shape=\"rect\">http:\/\/www.klimacamp-im-rheinland.de\/aufrufe\/klimacamp-aufruf\/<\/a><\/div>\n<div id=\"yiv6832938731yui_3_16_0_1_1438005678726_22040\" class=\"\">Auf dem Camp wird es einiges geben, was es vielen Menschen erm\u00f6glich soll, am politischen Leben teilzunehmen: Kinderbetreuung, \u00dcbersetzung und rechtliche Beratung und Unterst\u00fctzung sind nur einige davon!<\/div>\n<div id=\"yiv6832938731yui_3_16_0_1_1438005678726_22041\" class=\"\">Ihr habt Fragen? Schreibt einfach eine Mail an <span id=\"yiv6832938731yui_3_16_0_1_1438005678726_22086\" style=\"color: #0000ff;\"><u id=\"yiv6832938731yui_3_16_0_1_1438005678726_22085\" class=\"\"><a id=\"yiv6832938731yui_3_16_0_1_1438005678726_22084\" class=\"\" href=\"mailto:klimacamp-im-rheinland@autistici.org\" target=\"_blank\" rel=\"nofollow\" shape=\"rect\">klimacamp-im-rheinland@autistici.org<\/a><\/u><\/span>!<\/div>\n<div id=\"yiv6832938731yui_3_16_0_1_1438005678726_22089\" class=\"\">Und alle weitere Informationen findet ihr nach und nach unter:<\/div>\n<div id=\"yui_3_16_0_1_1438340103621_6526\" class=\"\"><span id=\"yui_3_16_0_1_1438339966523_10453\" style=\"color: #0000ff;\"><u id=\"yui_3_16_0_1_1438339966523_10452\" class=\"\"><a id=\"yui_3_16_0_1_1438339966523_10451\" class=\"\" href=\"http:\/\/www.klimacamp-im-rheinland.de\/\" target=\"_blank\" rel=\"nofollow\" shape=\"rect\">http:\/\/www.klimacamp-im-rheinland.de\/<\/a><\/u><\/span><\/div>\n<div id=\"yui_3_16_0_1_1438340103621_6541\" class=\"\"><b id=\"yui_3_16_0_1_1438340103621_6540\" class=\"\">Ebenfalls auf dem Camp findet die Sommerschule \u201eDegrowth konkret: Klimagerechtigkeit\u201c statt (08. &#8211; 14.08.)<\/b><\/div>\n<div id=\"yui_3_16_0_1_1438340103621_6522\" class=\"\">Das Programm der Sommerschule wird aus Kursen, Vortr\u00e4gen und Podiumsdiskussionen zu einem breiten Themenspektrum bestehen. Weitere Infos findet ihr unter: <a id=\"yui_3_16_0_1_1438340103621_6539\" class=\"\" href=\"http:\/\/www.degrowth.de\/de\/sommerschule-2015\/\" target=\"_blank\" rel=\"nofollow\" shape=\"rect\">http:\/\/www.degrowth.de\/de\/sommerschule-2015\/<\/a><\/div>\n<div id=\"yui_3_16_0_1_1438340103621_6528\" class=\"\"><b id=\"yui_3_16_0_1_1438340103621_6527\" class=\"\">F\u00fcr das letzte Wochenende des Camps (14. &#8211; 16.08.) ruft Ende-Gel\u00e4nde zu einer Aktion Zivilen Ungehorsams auf!<\/b><\/div>\n<div id=\"yui_3_16_0_1_1438340103621_6529\" class=\"\">W\u00e4hrend einige an der Abbruchkante protestieren, werden andere im Tagebau die Bagger und andere Infrastruktur im Tagebau blockieren. Gemeinsam wird RWE dazu gebracht, die Bagger zu stoppen. Die Aktion wird ein Bild der Vielfalt, Kreativit\u00e4t und Offenheit vermitteln. Alle, ob protesterfahren oder nicht, k\u00f6nnen an der Aktion teilnehmen. Ende Gel\u00e4nde f\u00fcr die Kohlebagger und eine Klima zerst\u00f6rende Politik!<\/div>\n<div id=\"yui_3_16_0_1_1438340103621_6533\" class=\"\">Den Aufruf findet ihr unter: <span id=\"yui_3_16_0_1_1438340103621_6532\" style=\"color: #0000ff;\"><u id=\"yui_3_16_0_1_1438340103621_6531\" class=\"\"><a id=\"yui_3_16_0_1_1438340103621_6530\" class=\"\" href=\"https:\/\/ende-gel%c3%a4nde.org\/de\/aktion\/\" target=\"_blank\" rel=\"nofollow\" shape=\"rect\">https:\/\/ende-gel\u00e4nde.org\/de\/aktion\/<\/a><\/u><\/span><\/div>\n<div id=\"yui_3_16_0_1_1438340103621_6537\" class=\"\">\n<div id=\"yui_3_16_0_1_1438339966523_10454\" dir=\"ltr\">Alle weiteren wichtigen Infos unter: <span id=\"yui_3_16_0_1_1438340103621_6536\" style=\"color: #0000ff;\"><u id=\"yui_3_16_0_1_1438340103621_6535\" class=\"\"><a id=\"yui_3_16_0_1_1438340103621_6534\" class=\"\" href=\"https:\/\/ende-gel%c3%a4nde.org\/\" target=\"_blank\" rel=\"nofollow\" shape=\"rect\">https:\/\/ende-gel\u00e4nde.org\/<\/a><\/u><\/span><\/div>\n<\/div>\n<div id=\"yui_3_16_0_1_1438339966523_7294\" class=\"y_msg_container\"><b id=\"yui_3_16_0_1_1438339966523_10293\">\u00a0<span id=\"yui_3_16_0_1_1438339966523_10792\" style=\"font-size: x-large;\"> \u00a0 \u00a0 *** Achtung Ortswechsel***<\/span><br clear=\"none\" \/><br clear=\"none\" \/>**** Important: Change of venue! For english version see below ****<\/b><br clear=\"none\" \/><br clear=\"none\" \/>**** Bitte weiterleiten ****<br clear=\"none\" \/><br clear=\"none\" \/>Kurzfristig vor dem Start des Klimacamps im Rheinland und der<br clear=\"none\" \/>Degrowth-Sommerschule wechseln wir den Ort unseres Camps. Wir haben ein<br clear=\"none\" \/>noch besseres Gel\u00e4nde in unmittelbarer N\u00e4he vom Tagebau Garzweiler<br clear=\"none\" \/>gefunden. Die neue Adresse lautet:<br clear=\"none\" \/><b><br clear=\"none\" \/>L\u00fctzerath 6<br clear=\"none\" \/>41812 Erkelenz<\/b><br clear=\"none\" \/><br clear=\"none\" \/>Der n\u00e4chstgelegene *Bahnhof ist weiterhin Erkelenz*. Vom Bahnhof<br clear=\"none\" \/>Erkelenz k\u00f6nnt ihr, genau wie zuvor, anWochentagen den Bus EK3 Richtung<br clear=\"none\" \/>&lt;<a id=\"yui_3_16_0_1_1438339966523_7304\" href=\"https:\/\/avv.de\/files\/avv\/files\/fahrplaene\/linienfahrplaene\/ek3_avv.pdf\" target=\"_blank\" shape=\"rect\">https:\/\/avv.de\/files\/avv\/files\/fahrplaene\/linienfahrplaene\/ek3_avv.pdf<\/a>&gt;<br clear=\"none\" \/>\u201eErkelenz, Keyenberg Schule\u201c nehmen und nun nach 23 min. in \u201eL\u00fctzerath<br clear=\"none\" \/>Umgehung\u201c aussteigen. Dann sind es nur noch ca. 50 m ins Camp.<br clear=\"none\" \/><br clear=\"none\" \/>*ACHTUNG:* In Nordrhein-Westfalen sind noch bis einschlie\u00dflich<br clear=\"none\" \/>11.08.2015 Schulferien, bitte achtet auf den entsprechenden Busfahrplan.<br clear=\"none\" \/>Au\u00dferdem f\u00e4hrt der Bus nicht immer direkt nach \u201eL\u00fctzerath Umgehung\u201c, wir<br clear=\"none\" \/>empfehlen euch die Busfahrer*innen zu fragen, ob sie euch au\u00dferplanm\u00e4\u00dfig<br clear=\"none\" \/>zwischen den Haltestellen \u201eHolzweiler\u201c und \u201eKeyenberg\u201c rauslassen<br clear=\"none\" \/>k\u00f6nnen. Genauere Infos dazu findet ihr auf dieser Karte.<br clear=\"none\" \/>&lt;<a id=\"yui_3_16_0_1_1438339966523_7305\" href=\"http:\/\/www.degrowth.de\/wp-content\/uploads\/2015\/06\/what-to-do-when-the-bus-does-not-go-directly-to-the-camp.jpg\" target=\"_blank\" shape=\"rect\" data-rel=\"lightbox-image-0\" data-rl_title=\"\" data-rl_caption=\"\" title=\"\">http:\/\/www.degrowth.de\/wp-content\/uploads\/2015\/06\/what-to-do-when-the-bus-does-not-go-directly-to-the-camp.jpg<\/a>&gt;<br clear=\"none\" \/><br clear=\"none\" \/>Am *Wochenende* fahren Multibusse mit Platz f\u00fcr sieben Leute. Diese<br clear=\"none\" \/>Busse m\u00fcssen telefonisch eine Stunde im Voraus gebucht werden<br clear=\"none\" \/>(02431-886688) und kosten den normalen Bustarif. Leider gibt es im Kreis<br clear=\"none\" \/>Heinsberg nur vier dieser Multibusse.<br clear=\"none\" \/><br clear=\"none\" \/>*Mit dem Fahrrad*sind es vom Bahnhof in Erkelenz noch 10 km bis zum<br clear=\"none\" \/>Camp. Hier k\u00f6nnt ihr auf openstreetmap.org eine m\u00f6gliche Fahrradroute<br clear=\"none\" \/>anschauen.<br clear=\"none\" \/>&lt;<a href=\"http:\/\/www.openstreetmap.org\/directions?engine=graphhopper_bicycle&amp;route=51.0597,6.4282;51.0766,6.3216#map=13\/51.0740\/6.3752\" target=\"_blank\" shape=\"rect\">http:\/\/www.openstreetmap.org\/directions?engine=graphhopper_bicycle&amp;route=51.0597,6.4282;51.0766,6.3216#map=13\/51.0740\/6.3752<\/a>&gt;<br clear=\"none\" \/><br clear=\"none\" \/><br clear=\"none\" \/>Auf der Homepage des Klimacamps findet ihr au\u00dferdem *eine*<br clear=\"none\" \/>*Mitfahrzentrale*<br clear=\"none\" \/>&lt;<a id=\"yui_3_16_0_1_1438339966523_10472\" href=\"http:\/\/www.klimacamp-im-rheinland.de\/organisatorisches\/mitfahrzentrale\/\" target=\"_blank\" shape=\"rect\">http:\/\/www.klimacamp-im-rheinland.de\/organisatorisches\/mitfahrzentrale\/<\/a>&gt;,<br clear=\"none\" \/>dort k\u00f6nnt ihr eine gemeinsame Anreise organisieren.<\/div>\n","protected":false},"excerpt":{"rendered":"<p>Los geht\u2019s mit dem Klimacamp im Rheinland (07. &#8211; 17.08.2015) (Klima)Camps sind das Herz der Klimabewegung. Hier gibt es Workshops, Aktionstrainings, Debatten, Windrad-Baukurse, alternatives Leben, Musik. Hier atmen wir den s\u00fc\u00dfen Duft der Ver\u00e4nderung&#46;&#46;&#46;<\/p>\n","protected":false},"author":110,"featured_media":0,"comment_status":"open","ping_status":"open","sticky":false,"template":"","format":"standard","meta":{"footnotes":""},"categories":[2],"tags":[36],"class_list":["post-8597","post","type-post","status-publish","format-standard","hentry","category-aktionen","tag-oekologie-und-frieden"],"_links":{"self":[{"href":"https:\/\/www.friedenkoeln.de\/index.php?rest_route=\/wp\/v2\/posts\/8597","targetHints":{"allow":["GET"]}}],"collection":[{"href":"https:\/\/www.friedenkoeln.de\/index.php?rest_route=\/wp\/v2\/posts"}],"about":[{"href":"https:\/\/www.friedenkoeln.de\/index.php?rest_route=\/wp\/v2\/types\/post"}],"author":[{"embeddable":true,"href":"https:\/\/www.friedenkoeln.de\/index.php?rest_route=\/wp\/v2\/users\/110"}],"replies":[{"embeddable":true,"href":"https:\/\/www.friedenkoeln.de\/index.php?rest_route=%2Fwp%2Fv2%2Fcomments&post=8597"}],"version-history":[{"count":2,"href":"https:\/\/www.friedenkoeln.de\/index.php?rest_route=\/wp\/v2\/posts\/8597\/revisions"}],"predecessor-version":[{"id":8603,"href":"https:\/\/www.friedenkoeln.de\/index.php?rest_route=\/wp\/v2\/posts\/8597\/revisions\/8603"}],"wp:attachment":[{"href":"https:\/\/www.friedenkoeln.de\/index.php?rest_route=%2Fwp%2Fv2%2Fmedia&parent=8597"}],"wp:term":[{"taxonomy":"category","embeddable":true,"href":"https:\/\/www.friedenkoeln.de\/index.php?rest_route=%2Fwp%2Fv2%2Fcategories&post=8597"},{"taxonomy":"post_tag","embeddable":true,"href":"https:\/\/www.friedenkoeln.de\/index.php?rest_route=%2Fwp%2Fv2%2Ftags&post=8597"}],"curies":[{"name":"wp","href":"https:\/\/api.w.org\/{rel}","templated":true}]}}