{"id":8605,"date":"2015-08-10T12:36:40","date_gmt":"2015-08-10T10:36:40","guid":{"rendered":"http:\/\/www.friedenkoeln.de\/?p=8605"},"modified":"2015-08-13T22:22:36","modified_gmt":"2015-08-13T20:22:36","slug":"gamescom-2015","status":"publish","type":"post","link":"https:\/\/www.friedenkoeln.de\/?p=8605","title":{"rendered":"Gamescom 2015"},"content":{"rendered":"<p><a href=\"http:\/\/www.friedenkoeln.de\/wp-content\/uploads\/2015\/08\/gamescom15.jpeg\" data-id=\"8606\" data-rel=\"lightbox-image-0\" data-rl_title=\"\" data-rl_caption=\"\" title=\"\"><img loading=\"lazy\" decoding=\"async\" class=\"  wp-image-8606 aligncenter\" src=\"http:\/\/www.friedenkoeln.de\/wp-content\/uploads\/2015\/08\/gamescom15-320x190.jpeg\" alt=\"gamescom15\" width=\"451\" height=\"268\" \/><\/a><\/p>\n<h6 style=\"text-align: center;\">Fotografiert von Herbert Sauerwein am 7. 8. 2015 im K\u00f6lner Hauptbahnhof<\/h6>\n<p>&nbsp;<\/p>\n<p class=\"western\" align=\"center\"><span style=\"font-family: Impact,sans-serif;\"><span style=\"font-size: 300%;\">Die Bundeswehr spielt nicht &#8211; sie t\u00f6tet!<\/span><\/span><\/p>\n<p class=\"western\" align=\"center\"><span style=\"font-family: Arial,sans-serif;\"><span style=\"font-size: large;\"><b>Die Bundeswehr auf der Gamescom 2015<\/b><\/span><\/span><\/p>\n<p class=\"western\" align=\"justify\"><span style=\"font-family: Arial,sans-serif;\"><span style=\"font-size: small;\">Die Bundeswehr macht sich im Rahmen ihrer Werbestrategien an Schulen,<br \/>\nUnis und Arbeits\u00e4mtern breit, um junge Menschen f\u00fcr t\u00f6dliche Auslandseins\u00e4tze zu rekrutieren. So auch auf dieser Messe mit einem eigenen Stand. Kanonenfutter f\u00fcr die Bundeswehr als \u201enext level of entertainment\u201c?<\/span><\/span><\/p>\n<p class=\"western\" align=\"center\"><span style=\"font-family: Arial,sans-serif;\"><span style=\"font-size: large;\"><b>Im echten Leben gibt es kein Continue,<\/b><\/span><\/span><\/p>\n<p class=\"western\" align=\"justify\"><span style=\"font-family: Arial,sans-serif;\"><span style=\"font-size: small;\">denn Krieg ist blutiger Ernst, im Krieg h\u00f6ren Spiel und Spa\u00df auf! Auf der Gamescom gaukelt die Bundeswehr technik- und spielbegeisterten Menschen vor, dass Milit\u00e4r und Kriege \u201esaubere Sachen\u201c seien. Tolle Abenteuer warten \u2013 wie auf der Spielkonsole. Die Kriegseins\u00e4tze organisiert sie dabei immer mehr wie Spiele und joystickgesteuerte Drohnen lassen das T\u00f6ten realer Menschen<br \/>\nabstrakt werden.<\/span><\/span><\/p>\n<p class=\"western\" align=\"justify\"><span style=\"font-family: Arial,sans-serif;\"><span style=\"font-size: small;\">Notwendig seien diese \u201eAbenteuer\u201c zum Aufbau von Demokratie und zum Schutz \u201eunserer\u201c Rohstoffe. Kriege seien \u201ehumanit\u00e4re Hilfsaktionen\u201c. Dass es Tote und besonders viele Zivilopfer gibt (sogenannte \u201eKollateralsch\u00e4den\u201c), wird verschwiegen.<\/span><\/span><\/p>\n<p class=\"western\" align=\"center\"><span style=\"font-family: Arial,sans-serif;\"><span style=\"font-size: large;\"><b>Spielehersteller oder Kriegstreiber?<\/b><\/span><\/span><\/p>\n<p class=\"western\" align=\"justify\"><span style=\"font-family: Arial,sans-serif;\"><span style=\"font-size: small;\">Die Grenzen zwischen Software-Entwicklung f\u00fcr Videospiele und Milit\u00e4r sind flie\u00dfend. Denn aus \u00f6konomischer Sicht ist es gewinnbringend die Engines (der Spiele) an das Milit\u00e4r zu verkaufen. Mit ihren Trainingssimulatoren erleichtern Software-Unternehmen wie Crytec (Frankfurt) und Bohemia Interactive (Tschechien) es der Politik, die Bundeswehr noch schneller zum Einsatz zu bringen. Wenn Soldaten durch Trainingssimulatoren innerhalb k\u00fcrzester Zeit fit f\u00fcr den Kampf in einer weit entlegenen Region gemacht werden k\u00f6nnen, senkt das die Hemmschwelle f\u00fcr milit\u00e4rische Auslandseins\u00e4tze noch weiter. Aus dem Spiel wird t\u00f6dlicher Ernst!<\/span><\/span><\/p>\n<p class=\"western\" style=\"text-align: left;\" align=\"right\"><span style=\"font-family: Arial,sans-serif;\"><span style=\"font-size: large;\"><b>Wir sagen:<a href=\"http:\/\/www.friedenkoeln.de\/wp-content\/uploads\/2015\/08\/Bundeswehr-wegtreten.png\" data-id=\"8648\" data-rel=\"lightbox-image-1\" data-rl_title=\"\" data-rl_caption=\"\" title=\"\"><img loading=\"lazy\" decoding=\"async\" class=\"  wp-image-8648 aligncenter\" src=\"http:\/\/www.friedenkoeln.de\/wp-content\/uploads\/2015\/08\/Bundeswehr-wegtreten.png\" alt=\"Bundeswehr wegtreten\" width=\"243\" height=\"73\" \/><\/a><\/b><\/span><\/span><\/p>\n<p class=\"western\" style=\"text-align: right;\" align=\"right\"><a href=\"http:\/\/www.friedenkoeln.de\/wp-content\/uploads\/2015\/08\/Zerbrochenes-Gewehr2.jpg\" data-id=\"8649\" data-rel=\"lightbox-image-2\" data-rl_title=\"\" data-rl_caption=\"\" title=\"\"><img loading=\"lazy\" decoding=\"async\" class=\"alignnone  wp-image-8649\" src=\"http:\/\/www.friedenkoeln.de\/wp-content\/uploads\/2015\/08\/Zerbrochenes-Gewehr2-320x190.jpg\" alt=\"Zerbrochenes Gewehr2\" width=\"212\" height=\"126\" \/><\/a><\/p>\n<h6 class=\"western\" style=\"text-align: right;\" align=\"right\"><span style=\"color: #0000ff;\"><strong>Vereinigte KriegsdienstgegnerInnen<\/strong><\/span><\/h6>\n<h6 class=\"western\" style=\"text-align: right;\" align=\"right\"><span style=\"color: #0000ff;\"><strong> Gruppe K\u00f6ln<\/strong><\/span><\/h6>\n","protected":false},"excerpt":{"rendered":"<p>Fotografiert von Herbert Sauerwein am 7. 8. 2015 im K\u00f6lner Hauptbahnhof &nbsp; Die Bundeswehr spielt nicht &#8211; sie t\u00f6tet! Die Bundeswehr auf der Gamescom 2015 Die Bundeswehr macht sich im Rahmen ihrer Werbestrategien an&#46;&#46;&#46;<\/p>\n","protected":false},"author":110,"featured_media":8606,"comment_status":"open","ping_status":"open","sticky":false,"template":"","format":"standard","meta":{"footnotes":""},"categories":[2],"tags":[27],"class_list":["post-8605","post","type-post","status-publish","format-standard","has-post-thumbnail","hentry","category-aktionen","tag-kultur"],"_links":{"self":[{"href":"https:\/\/www.friedenkoeln.de\/index.php?rest_route=\/wp\/v2\/posts\/8605","targetHints":{"allow":["GET"]}}],"collection":[{"href":"https:\/\/www.friedenkoeln.de\/index.php?rest_route=\/wp\/v2\/posts"}],"about":[{"href":"https:\/\/www.friedenkoeln.de\/index.php?rest_route=\/wp\/v2\/types\/post"}],"author":[{"embeddable":true,"href":"https:\/\/www.friedenkoeln.de\/index.php?rest_route=\/wp\/v2\/users\/110"}],"replies":[{"embeddable":true,"href":"https:\/\/www.friedenkoeln.de\/index.php?rest_route=%2Fwp%2Fv2%2Fcomments&post=8605"}],"version-history":[{"count":5,"href":"https:\/\/www.friedenkoeln.de\/index.php?rest_route=\/wp\/v2\/posts\/8605\/revisions"}],"predecessor-version":[{"id":8611,"href":"https:\/\/www.friedenkoeln.de\/index.php?rest_route=\/wp\/v2\/posts\/8605\/revisions\/8611"}],"wp:featuredmedia":[{"embeddable":true,"href":"https:\/\/www.friedenkoeln.de\/index.php?rest_route=\/wp\/v2\/media\/8606"}],"wp:attachment":[{"href":"https:\/\/www.friedenkoeln.de\/index.php?rest_route=%2Fwp%2Fv2%2Fmedia&parent=8605"}],"wp:term":[{"taxonomy":"category","embeddable":true,"href":"https:\/\/www.friedenkoeln.de\/index.php?rest_route=%2Fwp%2Fv2%2Fcategories&post=8605"},{"taxonomy":"post_tag","embeddable":true,"href":"https:\/\/www.friedenkoeln.de\/index.php?rest_route=%2Fwp%2Fv2%2Ftags&post=8605"}],"curies":[{"name":"wp","href":"https:\/\/api.w.org\/{rel}","templated":true}]}}