{"id":8609,"date":"2015-08-10T12:45:34","date_gmt":"2015-08-10T10:45:34","guid":{"rendered":"http:\/\/www.friedenkoeln.de\/?p=8609"},"modified":"2015-08-10T12:45:34","modified_gmt":"2015-08-10T10:45:34","slug":"deutsche-piloten-ueben-taeglich-den-atombomben-abwurf","status":"publish","type":"post","link":"https:\/\/www.friedenkoeln.de\/?p=8609","title":{"rendered":"Deutsche Piloten \u00fcben t\u00e4glich den Atombomben-Abwurf"},"content":{"rendered":"<p><em>Leserbrief zu &#8222;Mein Gott, was haben wir getan?&#8220; im &#8222;K\u00f6lner Stadt-Anzeiger&#8220; vom 06.08.2015<\/em><\/p>\n<p>Eine informative Reportage, die keinen Zweifel daran l\u00e4\u00dft, dass es<br \/>\nmilit\u00e4rische Interessen waren, die sich gegen alle menschliche Venunft<br \/>\ndurchsetzten. Die Hiroshima-Bombe musste gez\u00fcndet werden, um die<br \/>\nForschungsgelder zu rechtfertigen und Russland zu dominieren.<br \/>\nRedakteur Finn Mayer-Kuckuck berichtet, dass heute noch eine Mehrheit<br \/>\nder US-Bev\u00f6lkerung hinter den Abw\u00fcrfen der Atombomben auf Japan stehe.<br \/>\nErschreckend f\u00fcr mich.<\/p>\n<p>Wann wird in ihrer Zeitung zu lesen sein, dass in Deutschland dagegen<br \/>\neine gro\u00dfe Mehrheit gegen Atomwaffen ist? Und dass trotzdem im Eifler<br \/>\nFliegerhorst B\u00fcchel, 120 km von K\u00f6ln entfernt, deutsche Piloten<br \/>\nt\u00e4glich in ihren Tornados den Abwurf von US-Atombomben \u00fcben.<br \/>\nFriedensaktivist*innen blockieren dort immer wieder die Tore, w\u00e4hrend<br \/>\ndie Bundesregierung v\u00f6lkerrechstwidrig daran festh\u00e4lt, trotzdem vor<br \/>\nJahren der Bundestag dass Gegenteil beschlossen hat. Es scheinen auch<br \/>\nin der BRD die milit\u00e4rischen Interessen zu \u00fcberwiegen, die mehr als<br \/>\neinmal die Welt in die Katastrophe trieben.<\/p>\n<p>Heinz Weinhausen<\/p>\n","protected":false},"excerpt":{"rendered":"<p>Leserbrief zu &#8222;Mein Gott, was haben wir getan?&#8220; im &#8222;K\u00f6lner Stadt-Anzeiger&#8220; vom 06.08.2015 Eine informative Reportage, die keinen Zweifel daran l\u00e4\u00dft, dass es milit\u00e4rische Interessen waren, die sich gegen alle menschliche Venunft durchsetzten. Die&#46;&#46;&#46;<\/p>\n","protected":false},"author":110,"featured_media":0,"comment_status":"open","ping_status":"open","sticky":false,"template":"","format":"standard","meta":{"footnotes":""},"categories":[],"tags":[33],"class_list":["post-8609","post","type-post","status-publish","format-standard","hentry","tag-atomwaffen"],"_links":{"self":[{"href":"https:\/\/www.friedenkoeln.de\/index.php?rest_route=\/wp\/v2\/posts\/8609","targetHints":{"allow":["GET"]}}],"collection":[{"href":"https:\/\/www.friedenkoeln.de\/index.php?rest_route=\/wp\/v2\/posts"}],"about":[{"href":"https:\/\/www.friedenkoeln.de\/index.php?rest_route=\/wp\/v2\/types\/post"}],"author":[{"embeddable":true,"href":"https:\/\/www.friedenkoeln.de\/index.php?rest_route=\/wp\/v2\/users\/110"}],"replies":[{"embeddable":true,"href":"https:\/\/www.friedenkoeln.de\/index.php?rest_route=%2Fwp%2Fv2%2Fcomments&post=8609"}],"version-history":[{"count":1,"href":"https:\/\/www.friedenkoeln.de\/index.php?rest_route=\/wp\/v2\/posts\/8609\/revisions"}],"predecessor-version":[{"id":8610,"href":"https:\/\/www.friedenkoeln.de\/index.php?rest_route=\/wp\/v2\/posts\/8609\/revisions\/8610"}],"wp:attachment":[{"href":"https:\/\/www.friedenkoeln.de\/index.php?rest_route=%2Fwp%2Fv2%2Fmedia&parent=8609"}],"wp:term":[{"taxonomy":"category","embeddable":true,"href":"https:\/\/www.friedenkoeln.de\/index.php?rest_route=%2Fwp%2Fv2%2Fcategories&post=8609"},{"taxonomy":"post_tag","embeddable":true,"href":"https:\/\/www.friedenkoeln.de\/index.php?rest_route=%2Fwp%2Fv2%2Ftags&post=8609"}],"curies":[{"name":"wp","href":"https:\/\/api.w.org\/{rel}","templated":true}]}}