{"id":8655,"date":"2015-08-13T23:28:03","date_gmt":"2015-08-13T21:28:03","guid":{"rendered":"http:\/\/www.friedenkoeln.de\/?p=8655"},"modified":"2015-09-06T14:27:57","modified_gmt":"2015-09-06T12:27:57","slug":"friedensfahrradtour-der-dfg-vk-erfolgreich-beendet","status":"publish","type":"post","link":"https:\/\/www.friedenkoeln.de\/?p=8655","title":{"rendered":"Friedensfahrradtour der DFG-VK erfolgreich beendet"},"content":{"rendered":"<p><a href=\"http:\/\/www.friedenkoeln.de\/wp-content\/uploads\/2015\/08\/tour15a.jpg\" data-id=\"8656\" data-rel=\"lightbox-image-0\" data-rl_title=\"\" data-rl_caption=\"\" title=\"\"><img loading=\"lazy\" decoding=\"async\" class=\"alignnone size-medium wp-image-8656\" src=\"http:\/\/www.friedenkoeln.de\/wp-content\/uploads\/2015\/08\/tour15a-320x190.jpg\" alt=\"tour15a\" width=\"320\" height=\"190\" \/><\/a><\/p>\n<h6>Foto: Klaus M\u00fcller<\/h6>\n<p>&nbsp;<\/p>\n<p>Die Friedensfahrradtour der DFG-VK Bayern und NRW vom 1. &#8211; 9. 8. 15 wurde in B\u00fcchel erfolgreich beendet:<\/p>\n<p>&nbsp;<\/p>\n<p><a href=\"http:\/\/nrw.dfg-vk.de\/themen\/Fahrradtour.html\">http:\/\/nrw.dfg-vk.de\/themen\/Fahrradtour.html<\/a><\/p>\n<p><a href=\"http:\/\/dfg-vk-bayern.de\/FFT-allg_Info_mehr-01.html#FFT-2015\">http:\/\/dfg-vk-bayern.de\/FFT-allg_Info_mehr-01.html#FFT-2015<\/a><\/p>\n<p style=\"text-align: center;\"><a href=\"http:\/\/www.friedenkoeln.de\/wp-content\/uploads\/2015\/08\/Dom.jpg\" data-id=\"8732\" data-rel=\"lightbox-image-1\" data-rl_title=\"\" data-rl_caption=\"\" title=\"\"><img loading=\"lazy\" decoding=\"async\" class=\"alignnone  wp-image-8732\" src=\"http:\/\/www.friedenkoeln.de\/wp-content\/uploads\/2015\/08\/Dom.jpg\" alt=\"Dom\" width=\"207\" height=\"155\" \/><\/a><\/p>\n<h6 style=\"text-align: center;\">Foto: Madlen Doerr, Offenburg<\/h6>\n<hr \/>\n<p>&nbsp;<\/p>\n<p>Klaus M\u00fcller hat eine sch\u00f6ne Fotogalerie seiner Fotos vom Abschlu\u00df der Fahrradtour und dem Fastebrechen in B\u00fcchel zusammengestellt:<\/p>\n<p>&nbsp;<\/p>\n<div><a href=\"https:\/\/plus.google.com\/photos\/112194920702412144069\/albums\/6182526449080931889\">https:\/\/plus.google.com\/photos\/112194920702412144069\/albums\/6182526449080931889<\/a><\/div>\n<div><\/div>\n<div>Dieser Link und\/oder einzelne Fotos sind zur Ver\u00f6ffentlichung frei (mit Namensnennung Klaus M\u00fcller).<\/div>\n<p>&nbsp;<\/p>\n","protected":false},"excerpt":{"rendered":"<p>Foto: Klaus M\u00fcller &nbsp; Die Friedensfahrradtour der DFG-VK Bayern und NRW vom 1. &#8211; 9. 8. 15 wurde in B\u00fcchel erfolgreich beendet: &nbsp; http:\/\/nrw.dfg-vk.de\/themen\/Fahrradtour.html http:\/\/dfg-vk-bayern.de\/FFT-allg_Info_mehr-01.html#FFT-2015 Foto: Madlen Doerr, Offenburg &nbsp; Klaus M\u00fcller hat eine&#46;&#46;&#46;<\/p>\n","protected":false},"author":110,"featured_media":8656,"comment_status":"open","ping_status":"open","sticky":false,"template":"","format":"standard","meta":{"footnotes":""},"categories":[2],"tags":[33],"class_list":["post-8655","post","type-post","status-publish","format-standard","has-post-thumbnail","hentry","category-aktionen","tag-atomwaffen"],"_links":{"self":[{"href":"https:\/\/www.friedenkoeln.de\/index.php?rest_route=\/wp\/v2\/posts\/8655","targetHints":{"allow":["GET"]}}],"collection":[{"href":"https:\/\/www.friedenkoeln.de\/index.php?rest_route=\/wp\/v2\/posts"}],"about":[{"href":"https:\/\/www.friedenkoeln.de\/index.php?rest_route=\/wp\/v2\/types\/post"}],"author":[{"embeddable":true,"href":"https:\/\/www.friedenkoeln.de\/index.php?rest_route=\/wp\/v2\/users\/110"}],"replies":[{"embeddable":true,"href":"https:\/\/www.friedenkoeln.de\/index.php?rest_route=%2Fwp%2Fv2%2Fcomments&post=8655"}],"version-history":[{"count":6,"href":"https:\/\/www.friedenkoeln.de\/index.php?rest_route=\/wp\/v2\/posts\/8655\/revisions"}],"predecessor-version":[{"id":8734,"href":"https:\/\/www.friedenkoeln.de\/index.php?rest_route=\/wp\/v2\/posts\/8655\/revisions\/8734"}],"wp:featuredmedia":[{"embeddable":true,"href":"https:\/\/www.friedenkoeln.de\/index.php?rest_route=\/wp\/v2\/media\/8656"}],"wp:attachment":[{"href":"https:\/\/www.friedenkoeln.de\/index.php?rest_route=%2Fwp%2Fv2%2Fmedia&parent=8655"}],"wp:term":[{"taxonomy":"category","embeddable":true,"href":"https:\/\/www.friedenkoeln.de\/index.php?rest_route=%2Fwp%2Fv2%2Fcategories&post=8655"},{"taxonomy":"post_tag","embeddable":true,"href":"https:\/\/www.friedenkoeln.de\/index.php?rest_route=%2Fwp%2Fv2%2Ftags&post=8655"}],"curies":[{"name":"wp","href":"https:\/\/api.w.org\/{rel}","templated":true}]}}