{"id":8673,"date":"2015-08-14T13:56:37","date_gmt":"2015-08-14T11:56:37","guid":{"rendered":"http:\/\/www.friedenkoeln.de\/?p=8673"},"modified":"2015-08-14T13:56:37","modified_gmt":"2015-08-14T11:56:37","slug":"antikriegstag-podiumsdiskussion-am-2-9","status":"publish","type":"post","link":"https:\/\/www.friedenkoeln.de\/?p=8673","title":{"rendered":"Antikriegstag: Podiumsdiskussion am 2. 9."},"content":{"rendered":"<p><em><strong>Mittwoch, 2. September 2015, 18.00 Uhr, DGB-Haus, gro\u00dfer Saal Hans-B\u00f6ckler-Platz 1<\/strong><\/em><\/p>\n<h3>Verantwortung f\u00fcr Krieg und Frieden \u2013<br \/>\nf\u00fcr ein solidarisches und friedliches Europa<\/h3>\n<p>2015 j\u00e4hrt sich der Angriff Nazi-Deutschlands auf Polen zum 76. und die Befreiung der Menschheit von den Gr\u00e4ueln des Faschismus und des Zweiten Weltkrieges zum 70. Mal.<br \/>\nDas mutige Engagement von AntifaschistInnen in allen L\u00e4ndern und die daraus resultierende Zusammenarbeit der Anti-Hitler-Koalition bezwang nicht nur die faschistische Diktatur, es legte auch die Grundsteine f\u00fcr eine neue Gesell-<br \/>\nschaft. Internationale Kooperation, das Gewaltverbot in den internationalen Beziehungen und die Entwicklung von sozialen, wirtschaftlichen und kulturellen Rechten waren die Konsequenzen aus dem \u201eNie wieder!\u201c und sollten weltweit ein Leben in Frieden und W\u00fcrde erm\u00f6glichen.<br \/>\nAnl\u00e4sslich des Anti-Kriegstages wollen wir die heutige Rolle Deutschlands in der Au\u00dfenpolitik kritisch hinterfragen. Welche Verantwortung hat Deutschland f\u00fcr die zunehmend milit\u00e4rischen \u201eL\u00f6sungen\u201c von Konflikten weltweit? Was tr\u00e4gt der drittgr\u00f6\u00dfte Waffenexporteur zu den Kriegen in der Welt bei? Welche Rolle nimmt es in den europ\u00e4ischen Spannungen \u2013 von der Ukraine bis zu Griechenland und der T\u00fcrkei \u2013 ein? Wer tr\u00e4gt Verantwortung daf\u00fcr, dass Menschen aus Syrien, dem Irak, Afghanistan, Eritrea usw. vor den Kriegen in ihrer Heimat nach Europa fliehen? Worin besteht die Verantwortung derjenigen, die an einer friedlichen Welt, einem friedlichen und solidarischen Europa wirklich interessiert sind?<br \/>\nDar\u00fcber wollen wir diskutieren mit Menschen aus der Gewerkschaft, der Kirche und der Friedensbewegung.<\/p>\n<p>Auf dem Podium:<br \/>\n\u25d7 <strong>Joachim Schramm<\/strong>, Landesvorsitzender NRW der Deutschen Friedensgesellschaft &#8211; Vereinigte KriegsdienstgegnerInnen<br \/>\n\u25d7 <strong>Manfred Kock<\/strong>, ehem. Pr\u00e4ses der Evangelischen Kirche Deutschland<br \/>\n\u25d7 <strong>Dr. Wolfgang Uellenberg van Dawen<\/strong><br \/>\nModeration: <strong>Anne Schulz<\/strong><br \/>\nEine Veranstaltung des K\u00f6lner Friedensforums, Pax Christi K\u00f6ln, AK Zivilklausel der Universit\u00e4t K\u00f6ln, DFG\/VK K\u00f6ln, DIDF, AK Antifaschismus &#8211; Antidiskriminierung des ver.di-Bezirks K\u00f6ln, ver.di Bezirk K\u00f6ln und dem Friedensbildungswerk K\u00f6ln<br \/>\nV.i.S.d.P.: Elvira H\u00f6gemann, c\/o FriedensbildungswerkK\u00f6ln, Obermarspforten 7-11, 50667 K\u00f6ln<\/p>\n","protected":false},"excerpt":{"rendered":"<p>Mittwoch, 2. September 2015, 18.00 Uhr, DGB-Haus, gro\u00dfer Saal Hans-B\u00f6ckler-Platz 1 Verantwortung f\u00fcr Krieg und Frieden \u2013 f\u00fcr ein solidarisches und friedliches Europa 2015 j\u00e4hrt sich der Angriff Nazi-Deutschlands auf Polen zum 76. und&#46;&#46;&#46;<\/p>\n","protected":false},"author":110,"featured_media":0,"comment_status":"open","ping_status":"open","sticky":false,"template":"","format":"standard","meta":{"footnotes":""},"categories":[2],"tags":[32],"class_list":["post-8673","post","type-post","status-publish","format-standard","hentry","category-aktionen","tag-information-diskussion"],"_links":{"self":[{"href":"https:\/\/www.friedenkoeln.de\/index.php?rest_route=\/wp\/v2\/posts\/8673","targetHints":{"allow":["GET"]}}],"collection":[{"href":"https:\/\/www.friedenkoeln.de\/index.php?rest_route=\/wp\/v2\/posts"}],"about":[{"href":"https:\/\/www.friedenkoeln.de\/index.php?rest_route=\/wp\/v2\/types\/post"}],"author":[{"embeddable":true,"href":"https:\/\/www.friedenkoeln.de\/index.php?rest_route=\/wp\/v2\/users\/110"}],"replies":[{"embeddable":true,"href":"https:\/\/www.friedenkoeln.de\/index.php?rest_route=%2Fwp%2Fv2%2Fcomments&post=8673"}],"version-history":[{"count":1,"href":"https:\/\/www.friedenkoeln.de\/index.php?rest_route=\/wp\/v2\/posts\/8673\/revisions"}],"predecessor-version":[{"id":8674,"href":"https:\/\/www.friedenkoeln.de\/index.php?rest_route=\/wp\/v2\/posts\/8673\/revisions\/8674"}],"wp:attachment":[{"href":"https:\/\/www.friedenkoeln.de\/index.php?rest_route=%2Fwp%2Fv2%2Fmedia&parent=8673"}],"wp:term":[{"taxonomy":"category","embeddable":true,"href":"https:\/\/www.friedenkoeln.de\/index.php?rest_route=%2Fwp%2Fv2%2Fcategories&post=8673"},{"taxonomy":"post_tag","embeddable":true,"href":"https:\/\/www.friedenkoeln.de\/index.php?rest_route=%2Fwp%2Fv2%2Ftags&post=8673"}],"curies":[{"name":"wp","href":"https:\/\/api.w.org\/{rel}","templated":true}]}}