{"id":8675,"date":"2015-08-14T14:27:13","date_gmt":"2015-08-14T12:27:13","guid":{"rendered":"http:\/\/www.friedenkoeln.de\/?p=8675"},"modified":"2015-08-14T14:27:13","modified_gmt":"2015-08-14T12:27:13","slug":"staat-und-nazis-hand-in-hand-den-nsu-komplex-konsequent-aufklaeren","status":"publish","type":"post","link":"https:\/\/www.friedenkoeln.de\/?p=8675","title":{"rendered":"Staat und Nazis Hand in Hand? \u2014 Den NSU-Komplex konsequent aufkl\u00e4ren!"},"content":{"rendered":"<h2>19. 8. 2015 Kundgebung und Demonstration<\/h2>\n<h3>\n<em>ab 9 Uhr vor dem D\u00fcsseldorfer Landtag<\/em><br \/>\n<em>ab 14 Uhr gemeinsam zum D\u00fcsseldorfer Burgplatz<\/em><\/h3>\n<p>&nbsp;<br \/>\nAm 19.8.2015 beginnt endlich auch in NRW ein parlamentarischer Untersuchungsausschuss des Landtags (PUA) damit, die Taten des NSU, den Bombenanschlag in der K\u00f6lner Probsteigasse am 19.1.2001, den Nagelbom-benanschlag in der K\u00f6lner Keupstra\u00dfe am 9.6.2004 und den Mord an Mehmet Kuba\u015f\u0131k am 4.4.2006 in Dortmund zu untersuchen.<br \/>\nStaat und Nazis \u2014 Hand in Hand?<br \/>\nDer PUA soll auch die lokale Unterst\u00fctzerszene des NSU untersuchen und den sich h\u00e4ufenden Belegen f\u00fcr die Verstrickung staatlicher Institutionen in den NSU-<br \/>\nKomplex nachgehen. Hier ist besonders die Rolle von Johann H. wichtig, des Neo-Nazis und geheimen Mitarbeiters des Verfassungsschutzes NRW. Dessen Foto<br \/>\nhat eine auff\u00e4llige \u00c4hnlichkeit mit dem Phantombild des Bombenlegers in der Probsteigasse.<br \/>\nDie Tatsache, dass ein \u201egeheimer Mitarbeiter\u201c des Inlandgeheimdienstes auch die lokale und \u00fcberregionale Neonazi-Szene pr\u00e4gte, ist ein politischer Skandal.<br \/>\nWie kam es, dass H. nie zu dem Anschlag befragt wurde?<\/p>\n<h4>\nRassismus bek\u00e4mpfen \u2014 in Institutionen und Gesellschaft<\/h4>\n<p>Weiter soll der Untersuchungsausschuss das rassistische Beh\u00f6rdenhandeln untersuchen. Die Ermittlungen nach dem Nagelbombenanschlag richteten sich vor<br \/>\nallem gegen die Betroffenen des Anschlags selbst \u2014 ein \u201eAnschlag nach dem Anschlag\u201c. Das passierte auch in Dortmund nach dem Mord an Mehmet Kuba\u015f\u0131k. All dies geschah, obwohl sich Dutzende von V-Leuten im unmittelbaren Umfeld des NSU aufhielten und trotz der Einsch\u00e4tzung der Bewohner der Keupstra\u00dfe, dass<br \/>\neigentlich nur Neonazis als T\u00e4ter in Frage kommen.<br \/>\nWenn Neo-Nazis jahrelang ungehindert Menschen ermorden, die Polizei aber ausschlie\u00dflich gegen die betroffenen Migrant*innen ermittelt, flankiert von<br \/>\neiner Presse, die von \u201eD\u00f6ner-Morden\u201c spricht, kann das nur hei\u00dfen: Das Problem ist Rassismus!<\/p>\n<h4>Den NSU-Komplex konsequent aufkl\u00e4ren<\/h4>\n<p>\u25a0 Wir wollen wissen: Wer hat in NRW den NSU unterst\u00fctzt? Wer tr\u00e4gt Verantwortung, dass die Opfer zu T\u00e4ter*innen gemacht wurden? Warum<br \/>\nwurde einem rassistischen Tatmotiv niemals ernsthaft nachgegangen?<br \/>\n\u25a0 Wir wollen auch, dass das unverzichtbare Wissen genutzt wird, das durch antirassistische Initiativen, antifaschistische Gruppen und politisch<br \/>\naktive Einzelpersonen erarbeitet wurde.<br \/>\n\u25a0 Wir wollen unsere Solidarit\u00e4t mit den Betroffenen der NSU-Taten zeigen und ein Signal gegen rassistische Gewalt setzen.<br \/>\n\u25a0 Wir wollen die besonderen Erfahrungen der Betroffenen mit dem skandal\u00f6sen institutionellen Rassismus in den Vordergrund r\u00fccken.<br \/>\n\u25a0 Wir wollen zeigen: Ein Aussitzen des NSU-Skandals kommt auch in NRW nicht in Frage!<br \/>\n<strong>Rassismus bek\u00e4mpfen \u2014 in Institutionen und Gesellschaft!<\/strong><\/p>\n<h4><a href=\"http:\/\/keupstrasse-ist-ueberall.de\/\">www.keupstrasse-ist-ueberall.de<\/a><\/h4>\n<h6>\nV.i.S.d.P.: P. Bach, Initiative Keupstra\u00dfe ist \u00fcberall, c\/o Kulturbunker,<br \/>\nBerliner Str. 20, 51063 K\u00f6ln<\/h6>\n","protected":false},"excerpt":{"rendered":"<p>19. 8. 2015 Kundgebung und Demonstration ab 9 Uhr vor dem D\u00fcsseldorfer Landtag ab 14 Uhr gemeinsam zum D\u00fcsseldorfer Burgplatz &nbsp; Am 19.8.2015 beginnt endlich auch in NRW ein parlamentarischer Untersuchungsausschuss des Landtags (PUA)&#46;&#46;&#46;<\/p>\n","protected":false},"author":110,"featured_media":0,"comment_status":"open","ping_status":"open","sticky":false,"template":"","format":"standard","meta":{"footnotes":""},"categories":[2],"tags":[43],"class_list":["post-8675","post","type-post","status-publish","format-standard","hentry","category-aktionen","tag-rassismus"],"_links":{"self":[{"href":"https:\/\/www.friedenkoeln.de\/index.php?rest_route=\/wp\/v2\/posts\/8675","targetHints":{"allow":["GET"]}}],"collection":[{"href":"https:\/\/www.friedenkoeln.de\/index.php?rest_route=\/wp\/v2\/posts"}],"about":[{"href":"https:\/\/www.friedenkoeln.de\/index.php?rest_route=\/wp\/v2\/types\/post"}],"author":[{"embeddable":true,"href":"https:\/\/www.friedenkoeln.de\/index.php?rest_route=\/wp\/v2\/users\/110"}],"replies":[{"embeddable":true,"href":"https:\/\/www.friedenkoeln.de\/index.php?rest_route=%2Fwp%2Fv2%2Fcomments&post=8675"}],"version-history":[{"count":1,"href":"https:\/\/www.friedenkoeln.de\/index.php?rest_route=\/wp\/v2\/posts\/8675\/revisions"}],"predecessor-version":[{"id":8676,"href":"https:\/\/www.friedenkoeln.de\/index.php?rest_route=\/wp\/v2\/posts\/8675\/revisions\/8676"}],"wp:attachment":[{"href":"https:\/\/www.friedenkoeln.de\/index.php?rest_route=%2Fwp%2Fv2%2Fmedia&parent=8675"}],"wp:term":[{"taxonomy":"category","embeddable":true,"href":"https:\/\/www.friedenkoeln.de\/index.php?rest_route=%2Fwp%2Fv2%2Fcategories&post=8675"},{"taxonomy":"post_tag","embeddable":true,"href":"https:\/\/www.friedenkoeln.de\/index.php?rest_route=%2Fwp%2Fv2%2Ftags&post=8675"}],"curies":[{"name":"wp","href":"https:\/\/api.w.org\/{rel}","templated":true}]}}