{"id":8677,"date":"2015-08-14T15:05:35","date_gmt":"2015-08-14T13:05:35","guid":{"rendered":"http:\/\/www.friedenkoeln.de\/?p=8677"},"modified":"2015-08-14T15:05:35","modified_gmt":"2015-08-14T13:05:35","slug":"27-9-konzert-zum-gedenken-an-hiroshima-und-nagasaki","status":"publish","type":"post","link":"https:\/\/www.friedenkoeln.de\/?p=8677","title":{"rendered":"27. 9.: Konzert zum Gedenken an Hiroshima und Nagasaki"},"content":{"rendered":"<p><span style=\"color: #ff0000;\"><span style=\"font-family: Arial Narrow,serif;\"><span style=\"font-size: 300%;\">Konzert <\/span><\/span><\/span><\/p>\n<p><span style=\"color: #0000ff;\">\u201e<span style=\"font-family: Arial Narrow,serif;\"><span style=\"font-size: x-large;\">Die Mauern stehen sprachlos und kalt\u201c<\/span><\/span><\/span><\/p>\n<p><span style=\"color: #0000ff;\"><span style=\"font-family: Arial Narrow,serif;\"><span style=\"font-size: x-large;\">So., 27.Sept. 2015, 18 Uhr<\/span><\/span><\/span><\/p>\n<p><span style=\"font-family: Arial Narrow,serif;\"><span style=\"font-size: x-large;\">in der Kart\u00e4user Kirche, Kart\u00e4usergasse 7<\/span><\/span><\/p>\n<p><span style=\"font-family: Arial Narrow,serif;\"><span style=\"font-size: x-large;\">Eintritt frei, Spenden erbeten<\/span><\/span><\/p>\n<p>&nbsp;<\/p>\n<p><a href=\"http:\/\/www.friedenkoeln.de\/wp-content\/uploads\/2015\/08\/Konzert2015.jpg\" data-id=\"8678\" data-rel=\"lightbox-image-0\" data-rl_title=\"\" data-rl_caption=\"\" title=\"\"><img loading=\"lazy\" decoding=\"async\" class=\"alignnone size-medium wp-image-8678\" src=\"http:\/\/www.friedenkoeln.de\/wp-content\/uploads\/2015\/08\/Konzert2015-320x190.jpg\" alt=\"Konzert2015\" width=\"320\" height=\"190\" \/><\/a><\/p>\n<p align=\"right\"><span style=\"color: #0000ff;\"><span style=\"font-family: Arial Narrow,serif;\"><span style=\"font-size: xx-large;\">DIE<\/span><\/span><\/span><\/p>\n<p align=\"right\"><span style=\"color: #0000ff;\"><span style=\"font-family: Arial Narrow,serif;\"><span style=\"font-size: xx-large;\">MAUERN<\/span><\/span><\/span><\/p>\n<p align=\"right\"><span style=\"color: #0000ff;\"><span style=\"font-family: Arial Narrow,serif;\"><span style=\"font-size: xx-large;\">STEHEN<\/span><\/span><\/span><\/p>\n<p align=\"right\"><span style=\"color: #0000cc;\"><span style=\"font-family: Arial Narrow,serif;\"><span style=\"font-size: xx-large;\">S<\/span><\/span><\/span><span style=\"color: #0000ff;\"><span style=\"font-family: Arial Narrow,serif;\"><span style=\"font-size: xx-large;\">PRACHLOS<\/span><\/span><\/span><\/p>\n<p align=\"right\"><span style=\"color: #0000ff;\"><span style=\"font-family: Arial Narrow,serif;\"><span style=\"font-size: xx-large;\">UND<\/span><\/span><\/span><\/p>\n<p align=\"right\"><span style=\"color: #0000ff;\"><span style=\"font-family: Arial Narrow,serif;\"><span style=\"font-size: xx-large;\">KALT<\/span><\/span><\/span><\/p>\n<p><span style=\"color: #0000cc;\"><span style=\"font-family: Arial Narrow,serif;\"><span style=\"font-size: xx-large;\">Lyrik-Vertonung<\/span><\/span><\/span><span style=\"font-family: Arial Narrow,serif;\"><span style=\"font-size: xx-large;\">: <\/span><\/span><\/p>\n<p><span style=\"color: #ff0000;\"><span style=\"font-family: Arial Narrow,serif;\"><span style=\"font-size: xx-large;\">Wolfgang Rihm<\/span><\/span><\/span><\/p>\n<p><span style=\"color: #0000cc;\"><span style=\"font-family: Arial Narrow,serif;\"><span style=\"font-size: xx-large;\">Text des \u00dcberlebenden: <\/span><\/span><\/span><\/p>\n<p><span style=\"color: #ff0000;\"><span style=\"font-family: Arial Narrow,serif;\"><span style=\"font-size: xx-large;\">Hara Tamiki<\/span><\/span><\/span><\/p>\n<p><span style=\"color: #0000cc;\"><span style=\"font-family: Arial Narrow,serif;\"><span style=\"font-size: xx-large;\">gesprochen von: <\/span><\/span><\/span><\/p>\n<p><span style=\"color: #ff0000;\"><span style=\"font-family: Arial Narrow,serif;\"><span style=\"font-size: xx-large;\">Barbara Conrady-Takenaka<\/span><\/span><\/span><\/p>\n<p><span style=\"color: #0000cc;\"><span style=\"font-family: Arial Narrow,serif;\"><span style=\"font-size: xx-large;\">Klavier:<\/span><\/span><\/span> <span style=\"color: #ff0000;\"><span style=\"font-family: Arial Narrow,serif;\"><span style=\"font-size: xx-large;\">Juliane Busse<\/span><\/span><\/span><\/p>\n<p><span style=\"color: #0000cc;\"><span style=\"font-family: Arial Narrow,serif;\"><span style=\"font-size: xx-large;\">Gesang<\/span><\/span><\/span><span style=\"font-family: Arial Narrow,serif;\"><span style=\"font-size: xx-large;\">: <\/span><\/span><span style=\"color: #ff0000;\"><span style=\"font-family: Arial Narrow,serif;\"><span style=\"font-size: xx-large;\">Hiroko Haag<br \/>\n<\/span><\/span><\/span><\/p>\n<p>&nbsp;<\/p>\n<p><span style=\"color: #ff0000;\"><span style=\"font-family: Arial Narrow,serif;\"><span style=\"font-size: xx-large;\">LYRIK:<\/span><\/span><\/span><\/p>\n<p>Vorfr\u00fchling (Rainer Maria Rilke)<br \/>\nHochsommerbann (Oskar Loerke)<\/p>\n<p>Fr\u00fchling (Franz B\u00fcchler)<\/p>\n<p>Lied (Stefan George)<br \/>\nUntergang (Georg Trakl)<br \/>\nGl\u00fcckloser Engel 2 (Heiner M\u00fcller)<br \/>\nDrama (Heiner M\u00fcller)<br \/>\nGeh Ariel bring den Sturm&#8230;(Heiner M\u00fcller)<br \/>\nIm \u00e4chten Manne&#8230;(Heiner M\u00fcller)<br \/>\nMit der Wiederkehr der Farbe&#8230;(Heiner M\u00fcller)<br \/>\nWie einen Schatten&#8230;(Heiner M\u00fcller)<br \/>\nTraumwald (Heiner M\u00fcller)<br \/>\nUnd gehe weiter in die Landschaft\u2026<\/p>\n<p>(Heiner M\u00fcller)<br \/>\nNature morte (Heiner M\u00fcller)<br \/>\nBlaupause (Heiner M\u00fcller)<br \/>\nLeere Zeit (Heiner M\u00fcller)<br \/>\nVerzweifelt (August Stramm)<br \/>\nKriegsgrab (August Stramm)<br \/>\nAbend (August Stramm)<br \/>\nGeistliche D\u00e4mmerung (Georg Trakl)<br \/>\nH\u00e4lfte des Lebens (Friedrich H\u00f6lderlin)<\/p>\n<p>Die Atombombenabw\u00fcrfe von Hiroshima und Nagasaki j\u00e4hren sich im August 2015 zum 70. Mal und mahnen uns, Atomwaffen zu \u00e4chten. Als einzige Massenvernichtungswaffen unterliegen sie auch nach so langer Zeit noch immer keinem expliziten Verbot. Ganz im Gegenteil, die Atomwaffenstaaten halten auch nach dem Ende des Kalten Krieges an der nuklearen Abschreckung fest und setzen die Modernisierung des nuklearen Waffenarsenals fort. Dabei verweisen sie auf ihre \u201enationale Sicherheit\u201c, obwohl die Geschichte lehrt, dass dieses Argument die weitere Verbreitung von Atomwaffen f\u00f6rdert.<\/p>\n<p>Ein Verbotsvertrag w\u00fcrde Atomwaffen global stigmatisieren und dabei helfen, weitere Abr\u00fcstungs- und Nichtverbreitungsschritte umzusetzen. So best\u00fcnde die Hoffnung, dass eines Tages weltweit die Atomwaffen abgeschafft sind.<\/p>\n<p><span style=\"color: #000080;\"><span style=\"font-family: Arial,serif;\"><span style=\"color: #0000ff;\"><span style=\"font-family: Arial Narrow,serif;\"><span style=\"font-size: x-large;\">AK Hiroshima-Nagasaki, <\/span><\/span><\/span><span style=\"color: #00000a;\"><span style=\"font-family: Times New Roman,serif;\"> V.i.S.P Ursula Forner c\/o<\/span><\/span> <span style=\"color: #00000a;\"><span style=\"font-family: Times New Roman,serif;\">K\u00f6lner Friedensforum, c\/o Friedensbildungswerk K\u00f6ln, <a href=\"http:\/\/www.friedensforum-koeln.de\">Obenmarspforten 9-11, 50676 K\u00f6ln, Spenden bitte an: F\u00f6rderverein K\u00f6lner Friedensforum e.V, Sparda-Bank West, IBAN: DE 06 3706 0590 0004 1572 30; <\/a>Stichwort: AK Hiroshima <\/span><\/span><\/span><\/span><\/p>\n<p>&nbsp;<\/p>\n","protected":false},"excerpt":{"rendered":"<p>Konzert \u201eDie Mauern stehen sprachlos und kalt\u201c So., 27.Sept. 2015, 18 Uhr in der Kart\u00e4user Kirche, Kart\u00e4usergasse 7 Eintritt frei, Spenden erbeten &nbsp; DIE MAUERN STEHEN SPRACHLOS UND KALT Lyrik-Vertonung: Wolfgang Rihm Text des&#46;&#46;&#46;<\/p>\n","protected":false},"author":110,"featured_media":8678,"comment_status":"open","ping_status":"open","sticky":false,"template":"","format":"standard","meta":{"footnotes":""},"categories":[2],"tags":[33,27,9],"class_list":["post-8677","post","type-post","status-publish","format-standard","has-post-thumbnail","hentry","category-aktionen","tag-atomwaffen","tag-kultur","tag-frieden-und-kunst"],"_links":{"self":[{"href":"https:\/\/www.friedenkoeln.de\/index.php?rest_route=\/wp\/v2\/posts\/8677","targetHints":{"allow":["GET"]}}],"collection":[{"href":"https:\/\/www.friedenkoeln.de\/index.php?rest_route=\/wp\/v2\/posts"}],"about":[{"href":"https:\/\/www.friedenkoeln.de\/index.php?rest_route=\/wp\/v2\/types\/post"}],"author":[{"embeddable":true,"href":"https:\/\/www.friedenkoeln.de\/index.php?rest_route=\/wp\/v2\/users\/110"}],"replies":[{"embeddable":true,"href":"https:\/\/www.friedenkoeln.de\/index.php?rest_route=%2Fwp%2Fv2%2Fcomments&post=8677"}],"version-history":[{"count":1,"href":"https:\/\/www.friedenkoeln.de\/index.php?rest_route=\/wp\/v2\/posts\/8677\/revisions"}],"predecessor-version":[{"id":8679,"href":"https:\/\/www.friedenkoeln.de\/index.php?rest_route=\/wp\/v2\/posts\/8677\/revisions\/8679"}],"wp:featuredmedia":[{"embeddable":true,"href":"https:\/\/www.friedenkoeln.de\/index.php?rest_route=\/wp\/v2\/media\/8678"}],"wp:attachment":[{"href":"https:\/\/www.friedenkoeln.de\/index.php?rest_route=%2Fwp%2Fv2%2Fmedia&parent=8677"}],"wp:term":[{"taxonomy":"category","embeddable":true,"href":"https:\/\/www.friedenkoeln.de\/index.php?rest_route=%2Fwp%2Fv2%2Fcategories&post=8677"},{"taxonomy":"post_tag","embeddable":true,"href":"https:\/\/www.friedenkoeln.de\/index.php?rest_route=%2Fwp%2Fv2%2Ftags&post=8677"}],"curies":[{"name":"wp","href":"https:\/\/api.w.org\/{rel}","templated":true}]}}