{"id":8688,"date":"2015-08-18T21:57:08","date_gmt":"2015-08-18T19:57:08","guid":{"rendered":"http:\/\/www.friedenkoeln.de\/?p=8688"},"modified":"2015-08-20T16:35:42","modified_gmt":"2015-08-20T14:35:42","slug":"die-polizei-als-handlanger-von-rwe","status":"publish","type":"post","link":"https:\/\/www.friedenkoeln.de\/?p=8688","title":{"rendered":"Die Polizei als Handlanger von RWE"},"content":{"rendered":"<p>Bericht von \u00dcbergriffen der Polizei gegen Demonstranten und Polizisten bei den &#8222;Ende Gel\u00e4nde&#8220;-Aktionen am Wochenende:<\/p>\n<p><a href=\"http:\/\/www.klimaretter.info\/protest\/hintergrund\/19402-qdie-polizei-als-handlanger-von-rweq\">http:\/\/www.klimaretter.info\/protest\/hintergrund\/19402-qdie-polizei-als-handlanger-von-rweq<\/a><\/p>\n<p class=\"yt watch-title-container\">Video von Newscan \u00fcber die Demonstration <span id=\"eow-title\" class=\"watch-title \" dir=\"ltr\" title=\"NSC #34: &quot;Kohleausstieg Jetzt!&quot; Demonstration am Tagebau Garzweiler.\">&#8222;Kohleausstieg Jetzt!&#8220; am Tagebau Garzweiler am 15. 8. 15<br \/>\n<\/span><\/p>\n<div class=\"video-container\"><iframe loading=\"lazy\" title=\"NSC #34: &quot;Kohleausstieg Jetzt!&quot; Demonstration &quot;Ende Gel\u00e4nde&quot; am Tagebau Garzweiler.\" width=\"500\" height=\"281\" src=\"https:\/\/www.youtube.com\/embed\/8lUTKi0gR7Q?feature=oembed&#038;wmode=opaque\" frameborder=\"0\" allow=\"accelerometer; autoplay; clipboard-write; encrypted-media; gyroscope; picture-in-picture; web-share\" referrerpolicy=\"strict-origin-when-cross-origin\" allowfullscreen><\/iframe><\/div>\n<h3>Kommentar von J\u00fcrgen D\u00f6schner vom WDR:<\/h3>\n<p><strong class=\"\">&#8222;<\/strong>Hut ab! Die Klima-Aktivisten im rheinischen Braunkohle-Revier\u00a0verdienen Hochachtung und Respekt! Mit ihren Aktionen an diesem Wochenende sind sie mutig vorweg gegangen, haben symbolisch an einigen Stellen und f\u00fcr einige Stunden die gigantische Braunkohle-Maschinerie zum Stehen gebracht. Sie haben aufmerksam gemacht auf die gr\u00f6\u00dfte Umweltbedrohung unserer Zeit: die Gef\u00e4hrdung des Weltklimas durch CO2 und die bedeutende Rolle, die die Braunkohle-Verstromung dabei spielt.<\/p>\n<p class=\"small text\">Es waren Aktionen des zivilen Ungehorsams: Friedlich, gewaltfrei, aber durchaus verbunden mit Regel\u00fcberschreitungen. Auf das abgesperrte Gel\u00e4nde der RWE-Braunkohlegrube zu laufen und sich vor die Bagger zu stellen, d\u00fcrfte formal vermutlich den Tatbestand des Hausfriedensbruchs erf\u00fcllen. Aber dass RWE gemeinsam mit einem massiven Polizeiaufgebot versucht hat, seinen &#8222;Hausfrieden&#8220; mit Schlagst\u00f6cken und Pfefferspray durchzusetzen, dass RWE nun mit Massenklagen gegen rund 800 Aktivisten und Journalisten versucht, diese zu kriminalisieren &#8211; das ist nicht nur unangemessen, sondern zutiefst absurd.<\/p>\n<p class=\"small text\">Ausgerechnet jener Konzern, der mit seinen Braunkohlebaggern seit Jahrzehnten nicht nur den Frieden einzelner H\u00e4user, sondern ganzer D\u00f6rfer und Regionen st\u00f6rt, ja die H\u00e4user sogar zerst\u00f6rt, ausgerechnet dieser RWE-Konzern beklagt sich nun \u00fcber Hausfriedensbruch, weil einige hundert Demonstranten durch die von RWE-Baggern zerst\u00f6rten Landschaften wandern.<\/p>\n<p class=\"small text\">Bei seinem r\u00fccksichtlosen Vorgehen st\u00fctzt sich der Konzern nicht nur auf Paragrafen, sondern auch auf seine wirtschaftliche und politische Macht. Regierende in Bund, Land und Kommunen verteidigen die Kohleverstromung, viele St\u00e4dte und Gemeinden sind direkt an RWE beteiligt. Die Bilder von Polizisten, die in RWE-Gel\u00e4ndewagen gemeinsam mit dem betriebseigenen Sicherheitsdienst Jagd auf Demonstranten machen, sprechen f\u00fcr sich.<\/p>\n<p class=\"small text\">Das hat die Demonstranten nicht nur w\u00fctend gemacht. Es hat sie auch in ihrer Absicht und Entschlossenheit best\u00e4rkt. Zu Recht, wie ich finde. Die Proteste im rheinischen Braunkohlerevier m\u00f6gen nicht immer legal gewesen sein, aber sie sind angesichts der Ignoranz von Geld und Macht und angesichts der Bedrohung, die es abzuwehren gilt, v\u00f6llig legitim.<\/p>\n<p class=\"small text\">Wer den Klimawandel stoppen will, muss den gr\u00f6\u00dften Teil der Kohle im Boden lassen. Selbst G7 und US-Pr\u00e4sident Obama haben das inzwischen eingesehen. Die Alternativen zur Kohle sind da, die Energiewende ist Realit\u00e4t. Noch glaubt RWE, diesen Wandel mit Schlagst\u00f6cken und Pfefferspray aufhalten zu k\u00f6nnen. Aber so wie an der B\u00f6rse wird der Energieriese auch in den Braunkohlegruben fr\u00fcher oder sp\u00e4ter scheitern. Das Schicksal der Atomkraft sollte RWE zu denken geben.&#8220;<\/p>\n","protected":false},"excerpt":{"rendered":"<p>Bericht von \u00dcbergriffen der Polizei gegen Demonstranten und Polizisten bei den &#8222;Ende Gel\u00e4nde&#8220;-Aktionen am Wochenende: http:\/\/www.klimaretter.info\/protest\/hintergrund\/19402-qdie-polizei-als-handlanger-von-rweq Video von Newscan \u00fcber die Demonstration &#8222;Kohleausstieg Jetzt!&#8220; am Tagebau Garzweiler am 15. 8. 15 Kommentar von J\u00fcrgen&#46;&#46;&#46;<\/p>\n","protected":false},"author":110,"featured_media":0,"comment_status":"open","ping_status":"open","sticky":false,"template":"","format":"standard","meta":{"footnotes":""},"categories":[2],"tags":[36],"class_list":["post-8688","post","type-post","status-publish","format-standard","hentry","category-aktionen","tag-oekologie-und-frieden"],"_links":{"self":[{"href":"https:\/\/www.friedenkoeln.de\/index.php?rest_route=\/wp\/v2\/posts\/8688","targetHints":{"allow":["GET"]}}],"collection":[{"href":"https:\/\/www.friedenkoeln.de\/index.php?rest_route=\/wp\/v2\/posts"}],"about":[{"href":"https:\/\/www.friedenkoeln.de\/index.php?rest_route=\/wp\/v2\/types\/post"}],"author":[{"embeddable":true,"href":"https:\/\/www.friedenkoeln.de\/index.php?rest_route=\/wp\/v2\/users\/110"}],"replies":[{"embeddable":true,"href":"https:\/\/www.friedenkoeln.de\/index.php?rest_route=%2Fwp%2Fv2%2Fcomments&post=8688"}],"version-history":[{"count":3,"href":"https:\/\/www.friedenkoeln.de\/index.php?rest_route=\/wp\/v2\/posts\/8688\/revisions"}],"predecessor-version":[{"id":8691,"href":"https:\/\/www.friedenkoeln.de\/index.php?rest_route=\/wp\/v2\/posts\/8688\/revisions\/8691"}],"wp:attachment":[{"href":"https:\/\/www.friedenkoeln.de\/index.php?rest_route=%2Fwp%2Fv2%2Fmedia&parent=8688"}],"wp:term":[{"taxonomy":"category","embeddable":true,"href":"https:\/\/www.friedenkoeln.de\/index.php?rest_route=%2Fwp%2Fv2%2Fcategories&post=8688"},{"taxonomy":"post_tag","embeddable":true,"href":"https:\/\/www.friedenkoeln.de\/index.php?rest_route=%2Fwp%2Fv2%2Ftags&post=8688"}],"curies":[{"name":"wp","href":"https:\/\/api.w.org\/{rel}","templated":true}]}}