{"id":8729,"date":"2015-09-06T14:03:54","date_gmt":"2015-09-06T12:03:54","guid":{"rendered":"http:\/\/www.friedenkoeln.de\/?p=8729"},"modified":"2015-09-06T14:03:54","modified_gmt":"2015-09-06T12:03:54","slug":"urantransport-durch-koeln-anti-atom-plenum-ruft-zu-mahnwachen-auf","status":"publish","type":"post","link":"https:\/\/www.friedenkoeln.de\/?p=8729","title":{"rendered":"Urantransport durch K\u00f6ln: Anti-Atom-Plenum ruft zu Mahnwachen auf"},"content":{"rendered":"<pre>in K\u00f6ln wird es Mahnwachen geben zu den Urantransporten f\u00fcr\r\nden Tag X nach dem 10.9.15 am:\r\n\r\n\r\nFreitag, den 11.9 11-14 Uhr (falls der Zug am 11.9. kommt)\r\nund (falls der Zug am 11.9. noch nicht gekommen ist) am \r\nMittwoch, den 16.9.2015 15-18 Uhr.\r\nDaher achtet auf die Ank\u00fcndigungen, wann der Zug kommt \r\nunter: <a class=\"moz-txt-link-abbreviated\" href=\"http:\/\/www.urantransport.de\">www.urantransport.de\r\n<\/a>\r\nOrt: Bahnhof K\u00f6ln-M\u00fclheim, dort Vorplatz,Frankfurter Str.,\r\nK\u00f6ln-M\u00fchlheim\r\n\r\nThema: Uran(-hexafluorid)transporte duch K\u00f6ln\r\n\r\nKommt zahlreich!\r\n\r\n\r\nAAPK\r\nAnti_Atom_Plenum K\u00f6ln\r\n\r\nAufruf s. <a href=\"http:\/\/www.urantransport.de\/aktionstage.html\">http:\/\/www.urantransport.de\/aktionstage.html<\/a>\r\n<\/pre>\n","protected":false},"excerpt":{"rendered":"<p>in K\u00f6ln wird es Mahnwachen geben zu den Urantransporten f\u00fcr den Tag X nach dem 10.9.15 am: Freitag, den 11.9 11-14 Uhr (falls der Zug am 11.9. kommt) und (falls der Zug am 11.9.&#46;&#46;&#46;<\/p>\n","protected":false},"author":110,"featured_media":0,"comment_status":"open","ping_status":"open","sticky":false,"template":"","format":"standard","meta":{"footnotes":""},"categories":[2],"tags":[36],"class_list":["post-8729","post","type-post","status-publish","format-standard","hentry","category-aktionen","tag-oekologie-und-frieden"],"_links":{"self":[{"href":"https:\/\/www.friedenkoeln.de\/index.php?rest_route=\/wp\/v2\/posts\/8729","targetHints":{"allow":["GET"]}}],"collection":[{"href":"https:\/\/www.friedenkoeln.de\/index.php?rest_route=\/wp\/v2\/posts"}],"about":[{"href":"https:\/\/www.friedenkoeln.de\/index.php?rest_route=\/wp\/v2\/types\/post"}],"author":[{"embeddable":true,"href":"https:\/\/www.friedenkoeln.de\/index.php?rest_route=\/wp\/v2\/users\/110"}],"replies":[{"embeddable":true,"href":"https:\/\/www.friedenkoeln.de\/index.php?rest_route=%2Fwp%2Fv2%2Fcomments&post=8729"}],"version-history":[{"count":1,"href":"https:\/\/www.friedenkoeln.de\/index.php?rest_route=\/wp\/v2\/posts\/8729\/revisions"}],"predecessor-version":[{"id":8730,"href":"https:\/\/www.friedenkoeln.de\/index.php?rest_route=\/wp\/v2\/posts\/8729\/revisions\/8730"}],"wp:attachment":[{"href":"https:\/\/www.friedenkoeln.de\/index.php?rest_route=%2Fwp%2Fv2%2Fmedia&parent=8729"}],"wp:term":[{"taxonomy":"category","embeddable":true,"href":"https:\/\/www.friedenkoeln.de\/index.php?rest_route=%2Fwp%2Fv2%2Fcategories&post=8729"},{"taxonomy":"post_tag","embeddable":true,"href":"https:\/\/www.friedenkoeln.de\/index.php?rest_route=%2Fwp%2Fv2%2Ftags&post=8729"}],"curies":[{"name":"wp","href":"https:\/\/api.w.org\/{rel}","templated":true}]}}