{"id":8773,"date":"2015-09-17T22:13:01","date_gmt":"2015-09-17T20:13:01","guid":{"rendered":"http:\/\/www.friedenkoeln.de\/?p=8773"},"modified":"2015-09-17T23:11:44","modified_gmt":"2015-09-17T21:11:44","slug":"vortrag-von-luehr-henken-drohnenkrieg-und-automatisierte-waffensysteme","status":"publish","type":"post","link":"https:\/\/www.friedenkoeln.de\/?p=8773","title":{"rendered":"Vortrag von L\u00fchr Henken &#8222;Drohnenkrieg und automatisierte Waffensysteme&#8220;"},"content":{"rendered":"<p>Der Vortrag von L\u00fchr Henken bei der Tagung &#8222;F\u00fcr einen entmilitarisierten Niederrhein am 13. 9. 2015 ist als Video zu finden unter<\/p>\n<p><a href=\"http:\/\/nrw.dfg-vk.de\/themen\/Kalkar.html\">http:\/\/nrw.dfg-vk.de\/themen\/Kalkar.html<\/a><\/p>\n","protected":false},"excerpt":{"rendered":"<p>Der Vortrag von L\u00fchr Henken bei der Tagung &#8222;F\u00fcr einen entmilitarisierten Niederrhein am 13. 9. 2015 ist als Video zu finden unter http:\/\/nrw.dfg-vk.de\/themen\/Kalkar.html<\/p>\n","protected":false},"author":110,"featured_media":0,"comment_status":"open","ping_status":"open","sticky":false,"template":"","format":"standard","meta":{"footnotes":""},"categories":[2],"tags":[33,44,32,39],"class_list":["post-8773","post","type-post","status-publish","format-standard","hentry","category-aktionen","tag-atomwaffen","tag-drohnen","tag-information-diskussion","tag-kampfdrohnen"],"_links":{"self":[{"href":"https:\/\/www.friedenkoeln.de\/index.php?rest_route=\/wp\/v2\/posts\/8773","targetHints":{"allow":["GET"]}}],"collection":[{"href":"https:\/\/www.friedenkoeln.de\/index.php?rest_route=\/wp\/v2\/posts"}],"about":[{"href":"https:\/\/www.friedenkoeln.de\/index.php?rest_route=\/wp\/v2\/types\/post"}],"author":[{"embeddable":true,"href":"https:\/\/www.friedenkoeln.de\/index.php?rest_route=\/wp\/v2\/users\/110"}],"replies":[{"embeddable":true,"href":"https:\/\/www.friedenkoeln.de\/index.php?rest_route=%2Fwp%2Fv2%2Fcomments&post=8773"}],"version-history":[{"count":2,"href":"https:\/\/www.friedenkoeln.de\/index.php?rest_route=\/wp\/v2\/posts\/8773\/revisions"}],"predecessor-version":[{"id":8775,"href":"https:\/\/www.friedenkoeln.de\/index.php?rest_route=\/wp\/v2\/posts\/8773\/revisions\/8775"}],"wp:attachment":[{"href":"https:\/\/www.friedenkoeln.de\/index.php?rest_route=%2Fwp%2Fv2%2Fmedia&parent=8773"}],"wp:term":[{"taxonomy":"category","embeddable":true,"href":"https:\/\/www.friedenkoeln.de\/index.php?rest_route=%2Fwp%2Fv2%2Fcategories&post=8773"},{"taxonomy":"post_tag","embeddable":true,"href":"https:\/\/www.friedenkoeln.de\/index.php?rest_route=%2Fwp%2Fv2%2Ftags&post=8773"}],"curies":[{"name":"wp","href":"https:\/\/api.w.org\/{rel}","templated":true}]}}