{"id":8811,"date":"2015-09-24T23:05:19","date_gmt":"2015-09-24T21:05:19","guid":{"rendered":"http:\/\/www.friedenkoeln.de\/?p=8811"},"modified":"2015-09-24T23:05:19","modified_gmt":"2015-09-24T21:05:19","slug":"ray-mcgovern-und-elizabeth-murray-am-14-september-in-hamburg","status":"publish","type":"post","link":"https:\/\/www.friedenkoeln.de\/?p=8811","title":{"rendered":"Ray McGovern und Elizabeth Murray am 14. September in Hamburg"},"content":{"rendered":"<p style=\"text-align: center;\"><a href=\"http:\/\/www.friedenkoeln.de\/wp-content\/uploads\/2015\/09\/McGovern.jpg\" data-id=\"8812\" data-rel=\"lightbox-image-0\" data-rl_title=\"\" data-rl_caption=\"\" title=\"\"><img loading=\"lazy\" decoding=\"async\" class=\"alignnone size-medium wp-image-8812\" src=\"http:\/\/www.friedenkoeln.de\/wp-content\/uploads\/2015\/09\/McGovern-320x190.jpg\" alt=\"McGovern\" width=\"320\" height=\"190\" \/><\/a><\/p>\n<h6 style=\"text-align: center;\"><i>Ray McGo\u00advern und Eliz\u00ada\u00adbeth Mur\u00adray<br \/>\nFoto: \u00a9 2015 by Schat\u00adten\u00adblick<\/i><\/h6>\n<p>Im &#8222;Schattenblick&#8220; ist ein ausf\u00fchrlicher Bericht \u00fcber den von der DFG-VK erm\u00f6glichten Auftritt der Ex-CIA Analysten in Hamburg erschienen:<\/p>\n<p><a href=\"http:\/\/www.schattenblick.de\/infopool\/politik\/report\/prbe0211.html\">http:\/\/www.schattenblick.de\/infopool\/politik\/report\/prbe0211.html<\/a><\/p>\n<pre>Diesen Beitrag finden Sie auch in der SB-Druckausgabe (.pdf)\r\nund SB-Ausgabe f\u00fcr E-Reader (.epub):\r\n\r\n<a class=\"moz-txt-link-freetext\" href=\"http:\/\/www.schattenblick.de\/da\/2015\/09\/sb_150924_schattenblick_druckausgabe.pdf\">http:\/\/www.schattenblick.de\/da\/2015\/09\/sb_150924_schattenblick_druckausgabe.pdf<\/a>\r\n<a class=\"moz-txt-link-freetext\" href=\"http:\/\/www.schattenblick.de\/da\/2015\/09\/sb_2015-09-24.epub\">http:\/\/www.schattenblick.de\/da\/2015\/09\/sb_2015-09-24.epub<\/a>\r\n\r\n<\/pre>\n","protected":false},"excerpt":{"rendered":"<p>Ray McGo\u00advern und Eliz\u00ada\u00adbeth Mur\u00adray Foto: \u00a9 2015 by Schat\u00adten\u00adblick Im &#8222;Schattenblick&#8220; ist ein ausf\u00fchrlicher Bericht \u00fcber den von der DFG-VK erm\u00f6glichten Auftritt der Ex-CIA Analysten in Hamburg erschienen: http:\/\/www.schattenblick.de\/infopool\/politik\/report\/prbe0211.html Diesen Beitrag finden Sie&#46;&#46;&#46;<\/p>\n","protected":false},"author":110,"featured_media":8812,"comment_status":"open","ping_status":"open","sticky":false,"template":"","format":"standard","meta":{"footnotes":""},"categories":[2],"tags":[32],"class_list":["post-8811","post","type-post","status-publish","format-standard","has-post-thumbnail","hentry","category-aktionen","tag-information-diskussion"],"_links":{"self":[{"href":"https:\/\/www.friedenkoeln.de\/index.php?rest_route=\/wp\/v2\/posts\/8811","targetHints":{"allow":["GET"]}}],"collection":[{"href":"https:\/\/www.friedenkoeln.de\/index.php?rest_route=\/wp\/v2\/posts"}],"about":[{"href":"https:\/\/www.friedenkoeln.de\/index.php?rest_route=\/wp\/v2\/types\/post"}],"author":[{"embeddable":true,"href":"https:\/\/www.friedenkoeln.de\/index.php?rest_route=\/wp\/v2\/users\/110"}],"replies":[{"embeddable":true,"href":"https:\/\/www.friedenkoeln.de\/index.php?rest_route=%2Fwp%2Fv2%2Fcomments&post=8811"}],"version-history":[{"count":1,"href":"https:\/\/www.friedenkoeln.de\/index.php?rest_route=\/wp\/v2\/posts\/8811\/revisions"}],"predecessor-version":[{"id":8813,"href":"https:\/\/www.friedenkoeln.de\/index.php?rest_route=\/wp\/v2\/posts\/8811\/revisions\/8813"}],"wp:featuredmedia":[{"embeddable":true,"href":"https:\/\/www.friedenkoeln.de\/index.php?rest_route=\/wp\/v2\/media\/8812"}],"wp:attachment":[{"href":"https:\/\/www.friedenkoeln.de\/index.php?rest_route=%2Fwp%2Fv2%2Fmedia&parent=8811"}],"wp:term":[{"taxonomy":"category","embeddable":true,"href":"https:\/\/www.friedenkoeln.de\/index.php?rest_route=%2Fwp%2Fv2%2Fcategories&post=8811"},{"taxonomy":"post_tag","embeddable":true,"href":"https:\/\/www.friedenkoeln.de\/index.php?rest_route=%2Fwp%2Fv2%2Ftags&post=8811"}],"curies":[{"name":"wp","href":"https:\/\/api.w.org\/{rel}","templated":true}]}}