{"id":8829,"date":"2015-09-29T23:12:14","date_gmt":"2015-09-29T21:12:14","guid":{"rendered":"http:\/\/www.friedenkoeln.de\/?p=8829"},"modified":"2015-09-29T23:12:14","modified_gmt":"2015-09-29T21:12:14","slug":"petition-keine-rohstoffe-die-konflikte-finanzieren","status":"publish","type":"post","link":"https:\/\/www.friedenkoeln.de\/?p=8829","title":{"rendered":"Petition: Keine Rohstoffe, die Konflikte finanzieren"},"content":{"rendered":"<p class=\"bodytext\">Der Ressourcenreichtum, auf dem sie sitzen, ist f\u00fcr viele Menschen im globalen S\u00fcden nicht Segen, sondern Fluch! Sie leiden unter dem Handel mit Konfliktmineralien. Denn der Abbau von Rohstoffen, die in unseren Konsumg\u00fctern verarbeitet werden, geht oft einher mit Menschenrechtsverletzungen, Umweltverschmutzung und\/oder kriegerischen oder b\u00fcrgerkriegs\u00e4hnlichen Konflikten.<\/p>\n<p class=\"bodytext\">Bitte fordern Sie Sigmar Gabriel auf, sich im Namen Deutschlands f\u00fcr eine verbindliche und damit menschenrechtsbasierte Verordnung f\u00fcr Konfliktmineralien entlang der gesamten Lieferkette auszusprechen und so den Vorschlag des EU Parlaments zu st\u00e4rken.<\/p>\n<p><a href=\"http:\/\/www.ci-romero.de\/rohstoffe_petition\/\">http:\/\/www.ci-romero.de\/rohstoffe_petition\/<\/a><\/p>\n","protected":false},"excerpt":{"rendered":"<p>Der Ressourcenreichtum, auf dem sie sitzen, ist f\u00fcr viele Menschen im globalen S\u00fcden nicht Segen, sondern Fluch! Sie leiden unter dem Handel mit Konfliktmineralien. Denn der Abbau von Rohstoffen, die in unseren Konsumg\u00fctern verarbeitet&#46;&#46;&#46;<\/p>\n","protected":false},"author":110,"featured_media":0,"comment_status":"open","ping_status":"open","sticky":false,"template":"","format":"standard","meta":{"footnotes":""},"categories":[2],"tags":[29,4],"class_list":["post-8829","post","type-post","status-publish","format-standard","hentry","category-aktionen","tag-solidaritat","tag-zivile-konfliktloesung"],"_links":{"self":[{"href":"https:\/\/www.friedenkoeln.de\/index.php?rest_route=\/wp\/v2\/posts\/8829","targetHints":{"allow":["GET"]}}],"collection":[{"href":"https:\/\/www.friedenkoeln.de\/index.php?rest_route=\/wp\/v2\/posts"}],"about":[{"href":"https:\/\/www.friedenkoeln.de\/index.php?rest_route=\/wp\/v2\/types\/post"}],"author":[{"embeddable":true,"href":"https:\/\/www.friedenkoeln.de\/index.php?rest_route=\/wp\/v2\/users\/110"}],"replies":[{"embeddable":true,"href":"https:\/\/www.friedenkoeln.de\/index.php?rest_route=%2Fwp%2Fv2%2Fcomments&post=8829"}],"version-history":[{"count":1,"href":"https:\/\/www.friedenkoeln.de\/index.php?rest_route=\/wp\/v2\/posts\/8829\/revisions"}],"predecessor-version":[{"id":8830,"href":"https:\/\/www.friedenkoeln.de\/index.php?rest_route=\/wp\/v2\/posts\/8829\/revisions\/8830"}],"wp:attachment":[{"href":"https:\/\/www.friedenkoeln.de\/index.php?rest_route=%2Fwp%2Fv2%2Fmedia&parent=8829"}],"wp:term":[{"taxonomy":"category","embeddable":true,"href":"https:\/\/www.friedenkoeln.de\/index.php?rest_route=%2Fwp%2Fv2%2Fcategories&post=8829"},{"taxonomy":"post_tag","embeddable":true,"href":"https:\/\/www.friedenkoeln.de\/index.php?rest_route=%2Fwp%2Fv2%2Ftags&post=8829"}],"curies":[{"name":"wp","href":"https:\/\/api.w.org\/{rel}","templated":true}]}}