{"id":8864,"date":"2015-10-04T17:25:13","date_gmt":"2015-10-04T15:25:13","guid":{"rendered":"http:\/\/www.friedenkoeln.de\/?p=8864"},"modified":"2015-10-04T17:29:26","modified_gmt":"2015-10-04T15:29:26","slug":"propagandatruck-der-bundeswehr-in-buechel-besetzt","status":"publish","type":"post","link":"https:\/\/www.friedenkoeln.de\/?p=8864","title":{"rendered":"Propagandatruck der Bundeswehr in B\u00fcchel besetzt"},"content":{"rendered":"<p style=\"text-align: left;\"><a href=\"http:\/\/www.friedenkoeln.de\/wp-content\/uploads\/2015\/10\/btruckfrontal.jpg\" data-id=\"8865\" data-rel=\"lightbox-image-0\" data-rl_title=\"\" data-rl_caption=\"\" title=\"\"><img loading=\"lazy\" decoding=\"async\" class=\"alignnone size-medium wp-image-8865 aligncenter\" src=\"http:\/\/www.friedenkoeln.de\/wp-content\/uploads\/2015\/10\/btruckfrontal-320x190.jpg\" alt=\"btruckfrontal\" width=\"320\" height=\"190\" \/><\/a><\/p>\n<p><em>Von Ernst-Ludwig Iskenius<\/em><\/p>\n<p>Am 24. 9. 15 wurde der Propagandatruck der Bundeswehr vor dem Haupttor des Atomwaffenstandortes B\u00fcchel (Eifel) von sechs mutigen Frauen in dieser Region besetzt. Die Bundeswehr wirbt dort f\u00fcr einen der f\u00fcrchterlichsten Jobs, n\u00e4mlich im Rahmen der atomaren Teilhabe das \u00dcben des Abwurfs von amerikanischen Atomwaffen, die dort gelagert und in Zukunft durch neue, pr\u00e4zisere ersetzt werden sollen. (siehe den Fernsehbeitrag des ZDF-Magazins Frontal21 vor zwei Tagen). Die Gruppe konnte singend \u00fcber eine Stunde diesen Truck mit ihrem Transparent: &#8222;Unsere Kinder kriegt Ihr nicht&#8220; besetzt halten, bis die Polizei sie zwang, sich zu entfernen. Demn\u00e4chst ist die n\u00e4chste Aktion geplant. Die Gruppe, die sich Gewaltfreie Aktion B\u00fcchel nennt, w\u00fcrde sich um weitere Verst\u00e4rkung freuen. Kontakt \u00fcber: <a class=\"moz-txt-link-abbreviated\" href=\"mailto:ga-buechel@gmx.de\">ga-buechel@gmx.de<\/a><\/p>\n<p style=\"text-align: center;\"><a href=\"http:\/\/www.friedenkoeln.de\/wp-content\/uploads\/2015\/10\/btruckgross.jpg\" data-id=\"8866\" data-rel=\"lightbox-image-1\" data-rl_title=\"\" data-rl_caption=\"\" title=\"\"><img loading=\"lazy\" decoding=\"async\" class=\"alignnone size-medium wp-image-8866\" src=\"http:\/\/www.friedenkoeln.de\/wp-content\/uploads\/2015\/10\/btruckgross-320x190.jpg\" alt=\"btruckgross\" width=\"320\" height=\"190\" \/><\/a><\/p>\n","protected":false},"excerpt":{"rendered":"<p>Von Ernst-Ludwig Iskenius Am 24. 9. 15 wurde der Propagandatruck der Bundeswehr vor dem Haupttor des Atomwaffenstandortes B\u00fcchel (Eifel) von sechs mutigen Frauen in dieser Region besetzt. Die Bundeswehr wirbt dort f\u00fcr einen der&#46;&#46;&#46;<\/p>\n","protected":false},"author":110,"featured_media":8865,"comment_status":"open","ping_status":"open","sticky":false,"template":"","format":"standard","meta":{"footnotes":""},"categories":[2],"tags":[33,7],"class_list":["post-8864","post","type-post","status-publish","format-standard","has-post-thumbnail","hentry","category-aktionen","tag-atomwaffen","tag-kriegsdienstverweigerung-wehrpflicht"],"_links":{"self":[{"href":"https:\/\/www.friedenkoeln.de\/index.php?rest_route=\/wp\/v2\/posts\/8864","targetHints":{"allow":["GET"]}}],"collection":[{"href":"https:\/\/www.friedenkoeln.de\/index.php?rest_route=\/wp\/v2\/posts"}],"about":[{"href":"https:\/\/www.friedenkoeln.de\/index.php?rest_route=\/wp\/v2\/types\/post"}],"author":[{"embeddable":true,"href":"https:\/\/www.friedenkoeln.de\/index.php?rest_route=\/wp\/v2\/users\/110"}],"replies":[{"embeddable":true,"href":"https:\/\/www.friedenkoeln.de\/index.php?rest_route=%2Fwp%2Fv2%2Fcomments&post=8864"}],"version-history":[{"count":3,"href":"https:\/\/www.friedenkoeln.de\/index.php?rest_route=\/wp\/v2\/posts\/8864\/revisions"}],"predecessor-version":[{"id":8869,"href":"https:\/\/www.friedenkoeln.de\/index.php?rest_route=\/wp\/v2\/posts\/8864\/revisions\/8869"}],"wp:featuredmedia":[{"embeddable":true,"href":"https:\/\/www.friedenkoeln.de\/index.php?rest_route=\/wp\/v2\/media\/8865"}],"wp:attachment":[{"href":"https:\/\/www.friedenkoeln.de\/index.php?rest_route=%2Fwp%2Fv2%2Fmedia&parent=8864"}],"wp:term":[{"taxonomy":"category","embeddable":true,"href":"https:\/\/www.friedenkoeln.de\/index.php?rest_route=%2Fwp%2Fv2%2Fcategories&post=8864"},{"taxonomy":"post_tag","embeddable":true,"href":"https:\/\/www.friedenkoeln.de\/index.php?rest_route=%2Fwp%2Fv2%2Ftags&post=8864"}],"curies":[{"name":"wp","href":"https:\/\/api.w.org\/{rel}","templated":true}]}}