{"id":8885,"date":"2015-10-04T21:08:12","date_gmt":"2015-10-04T19:08:12","guid":{"rendered":"http:\/\/www.friedenkoeln.de\/?p=8885"},"modified":"2015-10-08T21:21:57","modified_gmt":"2015-10-08T19:21:57","slug":"500-demonstrieren-in-kalkar","status":"publish","type":"post","link":"https:\/\/www.friedenkoeln.de\/?p=8885","title":{"rendered":"500 demonstrieren in Kalkar"},"content":{"rendered":"<p style=\"text-align: center;\"><a href=\"http:\/\/www.friedenkoeln.de\/wp-content\/uploads\/2015\/10\/KalkarLogoweb2-300x185.jpg\" data-id=\"8886\" data-rel=\"lightbox-image-0\" data-rl_title=\"\" data-rl_caption=\"\" title=\"\"><img loading=\"lazy\" decoding=\"async\" class=\"alignnone size-full wp-image-8886\" src=\"http:\/\/www.friedenkoeln.de\/wp-content\/uploads\/2015\/10\/KalkarLogoweb2-300x185.jpg\" alt=\"KalkarLogoweb2-300x185\" width=\"300\" height=\"185\" \/><\/a><\/p>\n<p>Ca. 500 DemonstrantInnen forderten am 3. 10. 15 in Kalkar:<\/p>\n<ul>\n<li>\n<p align=\"JUSTIFY\"><b>Wirkliche Schritte zur R\u00fcstungskontrolle, Abr\u00fcstung und Vertrauensbildung!<\/b><\/p>\n<\/li>\n<li>\n<p align=\"JUSTIFY\"><b>Einvernehmliches L\u00f6sen von Konflikten im Rahmen der Organisation f\u00fcr Sicherheit und Zusammenarbeit in Europa!<\/b><\/p>\n<\/li>\n<li>\n<p align=\"JUSTIFY\"><b>Den Abbau <\/b><b>der Kommandozentralen in Kalkar\/Uedem und anderer NATO-Einrichtungen in NRW und deren Umwandlung f\u00fcr zivile Zwecke!<\/b><\/p>\n<\/li>\n<li>\n<p align=\"JUSTIFY\"><b>Den <\/b><b>Aufbau einer Friedens-Akademie in Kalkar\/Uedem, die dem Frieden in Europa und in der Welt dient!<\/b><\/p>\n<\/li>\n<\/ul>\n<p>Unter anderem redete <em>Sarah Wagenknecht<\/em>:<\/p>\n<p><a href=\"http:\/\/demo-kalkar.de\/2015\/10\/04\/rede-von-sahra-wagenknecht-in-kalkar-03-10-2015\/\">http:\/\/demo-kalkar.de\/2015\/10\/04\/rede-von-sahra-wagenknecht-in-kalkar-03-10-2015\/<\/a><\/p>\n<div class=\"video-container\"><iframe loading=\"lazy\" title=\"NSC #51: Die Rede von Roland Vogt in Kalkar.\" width=\"500\" height=\"281\" src=\"https:\/\/www.youtube.com\/embed\/4QbYTJDqjZY?feature=oembed&#038;wmode=opaque\" frameborder=\"0\" allow=\"accelerometer; autoplay; clipboard-write; encrypted-media; gyroscope; picture-in-picture; web-share\" referrerpolicy=\"strict-origin-when-cross-origin\" allowfullscreen><\/iframe><\/div>\n<p>&nbsp;<\/p>\n<div class=\"video-container\"><iframe loading=\"lazy\" title=\"NSC #52: Impressionen von der Anti-Nato Demonstration in Kalkar.\" width=\"500\" height=\"281\" src=\"https:\/\/www.youtube.com\/embed\/HtdaXR_q_9M?feature=oembed&#038;wmode=opaque\" frameborder=\"0\" allow=\"accelerometer; autoplay; clipboard-write; encrypted-media; gyroscope; picture-in-picture; web-share\" referrerpolicy=\"strict-origin-when-cross-origin\" allowfullscreen><\/iframe><\/div>\n","protected":false},"excerpt":{"rendered":"<p>Ca. 500 DemonstrantInnen forderten am 3. 10. 15 in Kalkar: Wirkliche Schritte zur R\u00fcstungskontrolle, Abr\u00fcstung und Vertrauensbildung! Einvernehmliches L\u00f6sen von Konflikten im Rahmen der Organisation f\u00fcr Sicherheit und Zusammenarbeit in Europa! Den Abbau der&#46;&#46;&#46;<\/p>\n","protected":false},"author":110,"featured_media":8886,"comment_status":"open","ping_status":"open","sticky":false,"template":"","format":"standard","meta":{"footnotes":""},"categories":[2],"tags":[42,33,39],"class_list":["post-8885","post","type-post","status-publish","format-standard","has-post-thumbnail","hentry","category-aktionen","tag-abruestung","tag-atomwaffen","tag-kampfdrohnen"],"_links":{"self":[{"href":"https:\/\/www.friedenkoeln.de\/index.php?rest_route=\/wp\/v2\/posts\/8885","targetHints":{"allow":["GET"]}}],"collection":[{"href":"https:\/\/www.friedenkoeln.de\/index.php?rest_route=\/wp\/v2\/posts"}],"about":[{"href":"https:\/\/www.friedenkoeln.de\/index.php?rest_route=\/wp\/v2\/types\/post"}],"author":[{"embeddable":true,"href":"https:\/\/www.friedenkoeln.de\/index.php?rest_route=\/wp\/v2\/users\/110"}],"replies":[{"embeddable":true,"href":"https:\/\/www.friedenkoeln.de\/index.php?rest_route=%2Fwp%2Fv2%2Fcomments&post=8885"}],"version-history":[{"count":4,"href":"https:\/\/www.friedenkoeln.de\/index.php?rest_route=\/wp\/v2\/posts\/8885\/revisions"}],"predecessor-version":[{"id":8893,"href":"https:\/\/www.friedenkoeln.de\/index.php?rest_route=\/wp\/v2\/posts\/8885\/revisions\/8893"}],"wp:featuredmedia":[{"embeddable":true,"href":"https:\/\/www.friedenkoeln.de\/index.php?rest_route=\/wp\/v2\/media\/8886"}],"wp:attachment":[{"href":"https:\/\/www.friedenkoeln.de\/index.php?rest_route=%2Fwp%2Fv2%2Fmedia&parent=8885"}],"wp:term":[{"taxonomy":"category","embeddable":true,"href":"https:\/\/www.friedenkoeln.de\/index.php?rest_route=%2Fwp%2Fv2%2Fcategories&post=8885"},{"taxonomy":"post_tag","embeddable":true,"href":"https:\/\/www.friedenkoeln.de\/index.php?rest_route=%2Fwp%2Fv2%2Ftags&post=8885"}],"curies":[{"name":"wp","href":"https:\/\/api.w.org\/{rel}","templated":true}]}}