{"id":8897,"date":"2015-10-11T23:33:32","date_gmt":"2015-10-11T21:33:32","guid":{"rendered":"http:\/\/www.friedenkoeln.de\/?p=8897"},"modified":"2015-10-11T23:33:32","modified_gmt":"2015-10-11T21:33:32","slug":"video-der-veranstaltung-mit-cia-analysten-in-koeln","status":"publish","type":"post","link":"https:\/\/www.friedenkoeln.de\/?p=8897","title":{"rendered":"Video der Veranstaltung mit CIA-Analysten in K\u00f6ln"},"content":{"rendered":"<p style=\"text-align: center;\"><a href=\"http:\/\/www.friedenkoeln.de\/wp-content\/uploads\/2015\/10\/McGovern-320x190.jpg\" data-id=\"8896\" data-rel=\"lightbox-image-0\" data-rl_title=\"\" data-rl_caption=\"\" title=\"\"><img loading=\"lazy\" decoding=\"async\" class=\"alignnone size-full wp-image-8896\" src=\"http:\/\/www.friedenkoeln.de\/wp-content\/uploads\/2015\/10\/McGovern-320x190.jpg\" alt=\"McGovern-320x190\" width=\"320\" height=\"190\" \/><\/a><\/p>\n<p>Das Video von der Vortragsveranstaltung am 18. 9. 15 mit Elizabeth Murray und Ray McGovern in K\u00f6ln ist fertig! Es wurde ehrenamtlich vom Chaos Computer Club Cologne aufgenommen.<\/p>\n<p>Wir haben eine Kurzversion hier\u00a0<a href=\"https:\/\/youtu.be\/A_9sSWFbuQY\">https:\/\/youtu.be\/A_9sSWFbuQY<\/a><\/p>\n<p>und die komplette Fassung hier\u00a0<a href=\"https:\/\/youtu.be\/W7Lia8caiZM\">https:\/\/youtu.be\/W7Lia8caiZM<\/a><\/p>\n<p>hochgeladen.<\/p>\n<p>An der Herstellung der deutschen Untertitel wird noch gearbeitet.<\/p>\n<p>Folgende Ver\u00f6ffentlichungen haben wir \u00fcber die K\u00f6lner Veranstaltung gefunden:<\/p>\n<p>Ank\u00fcndigung: <a href=\"https:\/\/www.freitag.de\/autoren\/hans-springstein\/cia-analytiker-so-werden-kriege-gemacht\">https:\/\/www.freitag.de\/autoren\/hans-springstein\/cia-analytiker-so-werden-kriege-gemacht<\/a><\/p>\n<p>Artikel auf Grundlage des Pressegespr\u00e4chs in K\u00f6ln (erschien auch in der Printausgabe des K\u00f6lner Stadtanzeigers und Express):<\/p>\n<p><a href=\"http:\/\/www.ksta.de\/politik\/ex-cia-mitarbeiter-ex-geheimdienstler-klaeren-ueber-cia-praktiken-in-koeln-auf,15187246,31875380.html\">http:\/\/www.ksta.de\/politik\/ex-cia-mitarbeiter-ex-geheimdienstler-klaeren-ueber-cia-praktiken-in-koeln-auf,15187246,31875380.html<\/a><\/p>\n<p>Ein Fernseh-Interview des WDR mit beiden Referenten zu deren Einsch\u00e4tzung der Situation in Syrien wurde unserer Info nach bisher noch nicht gesendet.<\/p>\n<p><em>Zusammenstellung der Informationen: Michael S\u00fcnner<\/em><\/p>\n","protected":false},"excerpt":{"rendered":"<p>Das Video von der Vortragsveranstaltung am 18. 9. 15 mit Elizabeth Murray und Ray McGovern in K\u00f6ln ist fertig! Es wurde ehrenamtlich vom Chaos Computer Club Cologne aufgenommen. Wir haben eine Kurzversion hier\u00a0https:\/\/youtu.be\/A_9sSWFbuQY und&#46;&#46;&#46;<\/p>\n","protected":false},"author":110,"featured_media":8898,"comment_status":"open","ping_status":"open","sticky":false,"template":"","format":"standard","meta":{"footnotes":""},"categories":[2],"tags":[32,39],"class_list":["post-8897","post","type-post","status-publish","format-standard","has-post-thumbnail","hentry","category-aktionen","tag-information-diskussion","tag-kampfdrohnen"],"_links":{"self":[{"href":"https:\/\/www.friedenkoeln.de\/index.php?rest_route=\/wp\/v2\/posts\/8897","targetHints":{"allow":["GET"]}}],"collection":[{"href":"https:\/\/www.friedenkoeln.de\/index.php?rest_route=\/wp\/v2\/posts"}],"about":[{"href":"https:\/\/www.friedenkoeln.de\/index.php?rest_route=\/wp\/v2\/types\/post"}],"author":[{"embeddable":true,"href":"https:\/\/www.friedenkoeln.de\/index.php?rest_route=\/wp\/v2\/users\/110"}],"replies":[{"embeddable":true,"href":"https:\/\/www.friedenkoeln.de\/index.php?rest_route=%2Fwp%2Fv2%2Fcomments&post=8897"}],"version-history":[{"count":1,"href":"https:\/\/www.friedenkoeln.de\/index.php?rest_route=\/wp\/v2\/posts\/8897\/revisions"}],"predecessor-version":[{"id":8899,"href":"https:\/\/www.friedenkoeln.de\/index.php?rest_route=\/wp\/v2\/posts\/8897\/revisions\/8899"}],"wp:featuredmedia":[{"embeddable":true,"href":"https:\/\/www.friedenkoeln.de\/index.php?rest_route=\/wp\/v2\/media\/8898"}],"wp:attachment":[{"href":"https:\/\/www.friedenkoeln.de\/index.php?rest_route=%2Fwp%2Fv2%2Fmedia&parent=8897"}],"wp:term":[{"taxonomy":"category","embeddable":true,"href":"https:\/\/www.friedenkoeln.de\/index.php?rest_route=%2Fwp%2Fv2%2Fcategories&post=8897"},{"taxonomy":"post_tag","embeddable":true,"href":"https:\/\/www.friedenkoeln.de\/index.php?rest_route=%2Fwp%2Fv2%2Ftags&post=8897"}],"curies":[{"name":"wp","href":"https:\/\/api.w.org\/{rel}","templated":true}]}}