{"id":9012,"date":"2015-11-19T17:52:13","date_gmt":"2015-11-19T15:52:13","guid":{"rendered":"http:\/\/www.friedenkoeln.de\/?p=9012"},"modified":"2015-11-19T17:59:48","modified_gmt":"2015-11-19T15:59:48","slug":"21-11-dfg-vk-koeln-ruft-zur-demonstration-in-essen-auf","status":"publish","type":"post","link":"https:\/\/www.friedenkoeln.de\/?p=9012","title":{"rendered":"21. 11.: DFG-VK K\u00f6ln ruft zur Demonstration in Essen auf"},"content":{"rendered":"<p><a href=\"http:\/\/www.friedenkoeln.de\/wp-content\/uploads\/2015\/11\/no-natomkriegsflyer2-150x150.png\" data-id=\"9014\" data-rel=\"lightbox-image-0\" data-rl_title=\"\" data-rl_caption=\"\" title=\"\"><img loading=\"lazy\" decoding=\"async\" class=\"alignnone size-full wp-image-9014\" src=\"http:\/\/www.friedenkoeln.de\/wp-content\/uploads\/2015\/11\/no-natomkriegsflyer2-150x150.png\" alt=\"no-natomkriegsflyer2-150x150\" width=\"150\" height=\"150\" srcset=\"https:\/\/www.friedenkoeln.de\/wp-content\/uploads\/2015\/11\/no-natomkriegsflyer2-150x150.png 150w, https:\/\/www.friedenkoeln.de\/wp-content\/uploads\/2015\/11\/no-natomkriegsflyer2-150x150-65x65.png 65w\" sizes=\"auto, (max-width: 150px) 100vw, 150px\" \/><\/a>Die kritischen Atomwissenschaftler haben die Alarmuhr auf 3 Minuten vor zw\u00f6lf gestellt! Sogar ein dritter Weltkrieg wird in den Planspielen von NATO-Strategen f\u00fcr m\u00f6glich erkl\u00e4rt! Vom 23. bis 25. November 2015 l\u00e4dt die NATO-Einrichtung \u201eJoint Air PowerCompetence Centre (JAPCC)\u201c zu einer Konferenz \u201eLuftwaffe und strategische Kommunikation\u201c in die Messe Essen ein&#8230; Es gebe Kr\u00e4fte, die dem Vorgehen der Milit\u00e4rs gegen\u00fcber \u201efeindlich\u201c eingestellt seien und daf\u00fcr sorgten, \u201edass die \u00d6ffentlichkeit milit\u00e4rische Ma\u00dfnahmen ablehnt\u201c. Auf der Essener Konferenz will die NATO das \u00e4ndern.<br \/>\n<strong>Das wollen wir verhindern!<\/strong> In Zeiten immer neuer Ost-West-Spannungen wird dies immer wichtiger f\u00fcr die Menschen in Europa und f\u00fcr das Leben auf der Erde.<\/p>\n<div id=\"panel-5-0-0-0\" class=\"so-panel widget widget_black-studio-tinymce panel-first-child\">\n<div class=\"panel-widget-style\">\n<div class=\"textwidget\">\n<p><strong>Die Friedensbewegung stellt sich gegen Nato-Strategien, die einen Atomkrieg als gewinnbar planen (\u201eVictory is possible\u201c). Unser \u201eNein\u201c zum Krieg ist ein \u201eJa\u201c zum Leben<\/strong><\/p>\n<\/div>\n<\/div>\n<\/div>\n<div id=\"panel-5-0-0-1\" class=\"so-panel widget widget_black-studio-tinymce panel-last-child\">\n<div class=\"panel-widget-style\">\n<div class=\"textwidget\">\n<h2 align=\"CENTER\">Friedensdemonstration<\/h2>\n<h2 align=\"CENTER\">Samstag 21.11.2015<\/h2>\n<h2 align=\"CENTER\">11.57 Uhr vom Hirschlandplatz, Essen<\/h2>\n<p><b>Zugabfahrtszeiten<\/b>: K\u00f6ln-Ehrenfeld 10.37 Uhr, Gleis 3; * K\u00f6ln Hauptbahhof: 10.49 Uhr, Gleis 4; * K\u00f6ln-Deutz 10.52 Uhr, Gleis 2; * K\u00f6ln-M\u00fclheim 10.57 Uhr, Gleis 3<\/p>\n<\/div>\n<div data-canvas-width=\"201.94592414870078\"><strong>\u2022 Keine Nato-Planung neuer Kriege \u2013Kein Werben f\u00fcrs Inferno!<\/strong><\/div>\n<div data-canvas-width=\"69.38722650295897\"><strong>\u2022 Forschung, Entwicklung und Implementierung ziviler, gewalfreierKonfliktl\u00f6sungsmittel und \u2013mechanismen, statt Kriegs- und Milit\u00e4rpropaganda!<\/strong><\/div>\n<div data-canvas-width=\"113.76448699405091\"><strong>\u2022 Abschaffung des JAPCC und umfassende Aufkl\u00e4rung der \u00d6ffentlichkeit!<\/strong><\/div>\n<div data-canvas-width=\"108.32753786103632\"><strong>\u2022 Eine atomwaffenfreie Welt, vollst\u00e4ndige nukleare Abr\u00fcstung und Abzug der Atomwaffen von deutschem Boden!<\/strong><\/div>\n<p><a href=\"http:\/\/www.no-natom-krieg.de\/\">http:\/\/www.no-natom-krieg.de\/<\/a><\/p>\n<\/div>\n<\/div>\n","protected":false},"excerpt":{"rendered":"<p>Die kritischen Atomwissenschaftler haben die Alarmuhr auf 3 Minuten vor zw\u00f6lf gestellt! Sogar ein dritter Weltkrieg wird in den Planspielen von NATO-Strategen f\u00fcr m\u00f6glich erkl\u00e4rt! Vom 23. bis 25. November 2015 l\u00e4dt die NATO-Einrichtung&#46;&#46;&#46;<\/p>\n","protected":false},"author":110,"featured_media":9014,"comment_status":"open","ping_status":"open","sticky":false,"template":"","format":"standard","meta":{"footnotes":""},"categories":[2],"tags":[42,33,44,39],"class_list":["post-9012","post","type-post","status-publish","format-standard","has-post-thumbnail","hentry","category-aktionen","tag-abruestung","tag-atomwaffen","tag-drohnen","tag-kampfdrohnen"],"_links":{"self":[{"href":"https:\/\/www.friedenkoeln.de\/index.php?rest_route=\/wp\/v2\/posts\/9012","targetHints":{"allow":["GET"]}}],"collection":[{"href":"https:\/\/www.friedenkoeln.de\/index.php?rest_route=\/wp\/v2\/posts"}],"about":[{"href":"https:\/\/www.friedenkoeln.de\/index.php?rest_route=\/wp\/v2\/types\/post"}],"author":[{"embeddable":true,"href":"https:\/\/www.friedenkoeln.de\/index.php?rest_route=\/wp\/v2\/users\/110"}],"replies":[{"embeddable":true,"href":"https:\/\/www.friedenkoeln.de\/index.php?rest_route=%2Fwp%2Fv2%2Fcomments&post=9012"}],"version-history":[{"count":3,"href":"https:\/\/www.friedenkoeln.de\/index.php?rest_route=\/wp\/v2\/posts\/9012\/revisions"}],"predecessor-version":[{"id":9016,"href":"https:\/\/www.friedenkoeln.de\/index.php?rest_route=\/wp\/v2\/posts\/9012\/revisions\/9016"}],"wp:featuredmedia":[{"embeddable":true,"href":"https:\/\/www.friedenkoeln.de\/index.php?rest_route=\/wp\/v2\/media\/9014"}],"wp:attachment":[{"href":"https:\/\/www.friedenkoeln.de\/index.php?rest_route=%2Fwp%2Fv2%2Fmedia&parent=9012"}],"wp:term":[{"taxonomy":"category","embeddable":true,"href":"https:\/\/www.friedenkoeln.de\/index.php?rest_route=%2Fwp%2Fv2%2Fcategories&post=9012"},{"taxonomy":"post_tag","embeddable":true,"href":"https:\/\/www.friedenkoeln.de\/index.php?rest_route=%2Fwp%2Fv2%2Ftags&post=9012"}],"curies":[{"name":"wp","href":"https:\/\/api.w.org\/{rel}","templated":true}]}}