{"id":9033,"date":"2015-11-26T00:29:26","date_gmt":"2015-11-25T22:29:26","guid":{"rendered":"http:\/\/www.friedenkoeln.de\/?p=9033"},"modified":"2015-11-26T00:29:26","modified_gmt":"2015-11-25T22:29:26","slug":"zum-auftakt-des-klimagipfels-in-paris-eine-demonstration-in-koeln","status":"publish","type":"post","link":"https:\/\/www.friedenkoeln.de\/?p=9033","title":{"rendered":"Zum Auftakt des Klimagipfels in Paris eine Demonstration in K\u00f6ln"},"content":{"rendered":"<p>Seit Monaten bereiten Klimaaktivisten vielf\u00e4ltige Aktionen aus Anla\u00df des Klimagipfels in Paris vor. Vieles wird aufgrund des Ausnahmezustands nach den Terroranschl\u00e4gen nicht mehr wie geplant m\u00f6glich sein.<\/p>\n<p>Der K\u00f6lner Klimaratschlag orientiert unter anderem auf Beteiligung an der K\u00f6lner Demonstration am 29. 11. (15.00 Uhr Neumarkt) und auf Beteiligung an Aktionen in Paris am 12. 12..<\/p>\n<p><a href=\"https:\/\/secure.avaaz.org\/de\/event\/globalclimatemarch\/Climate_change_protest_the_future_starts_now?location=Cologne&amp;original_referrer=&amp;supports_history_api=true&amp;blast_version=68466&amp;secure_validation=Sun+Nov+22+2015+10%3A51%3A38+GMT%2B0100+%28CET%29&amp;used_js=Sun+Nov+22+2015+10%3A51%3A38+GMT%2B0100+%28CET%29\">https:\/\/secure.avaaz.org\/de\/event\/globalclimatemarch\/Climate_change_protest_the_future_starts_now?location=Cologne&amp;original_referrer=&amp;supports_history_api=true&amp;blast_version=68466&amp;secure_validation=Sun+Nov+22+2015+10%3A51%3A38+GMT%2B0100+%28CET%29&amp;used_js=Sun+Nov+22+2015+10%3A51%3A38+GMT%2B0100+%28CET%29<\/a><\/p>\n<p><a href=\"http:\/\/350.org\/de\/paris\/\">http:\/\/350.org\/de\/paris\/<\/a><\/p>\n<p>H.F.<\/p>\n","protected":false},"excerpt":{"rendered":"<p>Seit Monaten bereiten Klimaaktivisten vielf\u00e4ltige Aktionen aus Anla\u00df des Klimagipfels in Paris vor. Vieles wird aufgrund des Ausnahmezustands nach den Terroranschl\u00e4gen nicht mehr wie geplant m\u00f6glich sein. Der K\u00f6lner Klimaratschlag orientiert unter anderem auf&#46;&#46;&#46;<\/p>\n","protected":false},"author":110,"featured_media":0,"comment_status":"open","ping_status":"open","sticky":false,"template":"","format":"standard","meta":{"footnotes":""},"categories":[2],"tags":[36],"class_list":["post-9033","post","type-post","status-publish","format-standard","hentry","category-aktionen","tag-oekologie-und-frieden"],"_links":{"self":[{"href":"https:\/\/www.friedenkoeln.de\/index.php?rest_route=\/wp\/v2\/posts\/9033","targetHints":{"allow":["GET"]}}],"collection":[{"href":"https:\/\/www.friedenkoeln.de\/index.php?rest_route=\/wp\/v2\/posts"}],"about":[{"href":"https:\/\/www.friedenkoeln.de\/index.php?rest_route=\/wp\/v2\/types\/post"}],"author":[{"embeddable":true,"href":"https:\/\/www.friedenkoeln.de\/index.php?rest_route=\/wp\/v2\/users\/110"}],"replies":[{"embeddable":true,"href":"https:\/\/www.friedenkoeln.de\/index.php?rest_route=%2Fwp%2Fv2%2Fcomments&post=9033"}],"version-history":[{"count":1,"href":"https:\/\/www.friedenkoeln.de\/index.php?rest_route=\/wp\/v2\/posts\/9033\/revisions"}],"predecessor-version":[{"id":9034,"href":"https:\/\/www.friedenkoeln.de\/index.php?rest_route=\/wp\/v2\/posts\/9033\/revisions\/9034"}],"wp:attachment":[{"href":"https:\/\/www.friedenkoeln.de\/index.php?rest_route=%2Fwp%2Fv2%2Fmedia&parent=9033"}],"wp:term":[{"taxonomy":"category","embeddable":true,"href":"https:\/\/www.friedenkoeln.de\/index.php?rest_route=%2Fwp%2Fv2%2Fcategories&post=9033"},{"taxonomy":"post_tag","embeddable":true,"href":"https:\/\/www.friedenkoeln.de\/index.php?rest_route=%2Fwp%2Fv2%2Ftags&post=9033"}],"curies":[{"name":"wp","href":"https:\/\/api.w.org\/{rel}","templated":true}]}}