{"id":9038,"date":"2015-11-29T23:20:54","date_gmt":"2015-11-29T21:20:54","guid":{"rendered":"http:\/\/www.friedenkoeln.de\/?p=9038"},"modified":"2015-11-29T23:20:54","modified_gmt":"2015-11-29T21:20:54","slug":"fuer-das-menschenrecht-auf-asyl-und-fuer-integration-die-spaltung-der-gesellschaft-verhindern","status":"publish","type":"post","link":"https:\/\/www.friedenkoeln.de\/?p=9038","title":{"rendered":"F\u00fcr das Menschenrecht auf Asyl und f\u00fcr Integration \u2013 Die Spaltung der Gesellschaft verhindern!"},"content":{"rendered":"<h3>Demonstration + Kundgebung, Donnerstag, 10. Dezember 2015,<br \/>\n17 Uhr, EL-DE-Haus, Appellhofplatz<\/h3>\n<p><a href=\"https:\/\/www.facebook.com\/pages\/K%C3%B6ln-stellt-sich-quer\/606158276180923\">https:\/\/www.facebook.com\/pages\/K%C3%B6ln-stellt-sich-quer\/606158276180923<\/a><br \/>\nWeltweit sind 60 Millionen Menschen auf der Flucht.<br \/>\n86 Prozent der Gefl\u00fcchteten werden von Entwicklungs-<br \/>\nl\u00e4ndern aufgenommen. Die EU muss ihre Politik der<br \/>\nDestabilisierung von L\u00e4ndern in Krisengebieten durch<br \/>\nWaffenexporte und Kriege beenden! Sie schaffen den<br \/>\nGrund f\u00fcr Armut und Flucht. Der Terror des IS im<br \/>\nNahen Osten vertreibt die Menschen massenhaft und<br \/>\nist mit dem Massaker in Paris vom 13. November auch<br \/>\nin Europa auf grausame Weise angekommen.<br \/>\nAlle Menschen sind bedroht und betroffen.<br \/>\nDeshalb m\u00fcssen die EU-Staaten und Deutschland<br \/>\nFl\u00fcchtlinge aufnehmen und menschenw\u00fcrdig behan-<br \/>\ndeln.<br \/>\nGenau das Gegenteil wird nun angegangen:<br \/>\nIn Deutschland sind drastische Gesetzes\u00e4nderungen in<br \/>\nKraft getreten, die das Asylrecht und den Rechtschutz<br \/>\nvieler Fl\u00fcchtlinge aushebeln, Abschiebungen erleich-<br \/>\ntern, Arbeitsverbote erweitern und Sozialleistungen<br \/>\nunterhalb des Existenzminimums zulassen.<br \/>\nUnd nicht nur das:<br \/>\np Weitere Rechte, z.B. im Bereich des Familiennach-<br \/>\nzugs, sollen nach Pl\u00e4nen der Bundesregierung be-<br \/>\nschnitten werden,<br \/>\np das Dublin-Verfahren soll unver\u00e4ndert fortgesetzt<br \/>\nwerden, obwohl es gescheitert ist und die Men-<br \/>\nschenrechte in einigen EU-Staaten fortgesetzt<br \/>\nverletzt werden.<br \/>\np Einige Politiker spielen den IS-Terror gegen Fl\u00fccht-<br \/>\nlinge aus. Das ist inakzeptabel und gie\u00dft nur \u00d6l ins<br \/>\nFeuer von AfD, Pegida und Neonazis, die mit ihrer<br \/>\nrassistischen Hetze gegen alle Fremden eine<br \/>\nSpaltung der Gesellschaft und ein Klima der<br \/>\nAusgrenzung und Angst sch\u00fcren. \u2013 Dagegen wehrt<br \/>\nsich die Zivilgesellschaft und muss es noch<br \/>\nkonsequenter zum Ausdruck bringen!<br \/>\nMenschenrechte und Fl\u00fcchtlingsschutz sind<br \/>\nunteilbar. Der Friedensnobelpreistr\u00e4ger EU muss<br \/>\naktiv Aufnahmebereitschaft zeigen und ein ein &#8211;<br \/>\nheitliches und gerechtes, auf fairen und recht &#8211;<br \/>\nstaatlichen Verfahren basierendes, humanit\u00e4res<br \/>\nAsylsystem schaffen!<br \/>\np die T\u00fcrkei soll die EU-Au\u00dfengrenze st\u00e4rker als bis-<br \/>\nlang milit\u00e4risch absichern, damit die Fl\u00fcchtlingszah-<br \/>\nlen in Europa sinken, Wir K\u00f6lnerinnen und K\u00f6lner engagieren uns f\u00fcr Gefl\u00fcch-<br \/>\ntete. Wir wollen das Asylrecht verteidigen und fordern<br \/>\ndie R\u00fccknahme des Asylbeschleunigungsgesetzes.<br \/>\nWir fordern Bund und Land auf, die Kommunen finanziell<br \/>\nund politisch angemessen zu unterst\u00fctzen. Fl\u00fcchtlinge<br \/>\nbrauchen winterfeste Unterk\u00fcnfte, mehr Wohnungen,<br \/>\nSprachkurse, Bildungsma\u00dfnahmen und schnellst<br \/>\nm\u00f6gliche Hilfestellung bei der Arbeitsmarktintegration!<br \/>\np in Afghanistan sollen Gebiete als \u201esicher\u201c postuliert<br \/>\nwerden, um Fl\u00fcchtlinge dorthin abschieben zu k\u00f6n-<br \/>\nnen, Lasst uns gemeinsam am Tag der Menschenrechte<br \/>\ndaf\u00fcr \u00f6ffentlich eintreten.<br \/>\nDemonstration + Kundgebung, Donnerstag, 10. Dezember 2015,<br \/>\n17 Uhr, EL-DE-Haus, Appellhofplatz<br \/>\nin Kooperation mit (Stand 27.11.2015):<br \/>\nAG Arsch huh \u00b7 agisra e.V. \u00b7 Aidshilfe K\u00f6ln \u00b7 Allerweltshaus K\u00f6ln e.V. \u00b7 AWO K\u00f6ln \u00b7 Bundesverband In-<br \/>\nformation &amp; Beratung f\u00fcr NS-Verfolgte e.V. \u00b7 B\u00fcndnis 90\/Die Gr\u00fcnen \u00b7 Caritasverband f\u00fcr die Stadt<br \/>\nK\u00f6ln e.V. \u00b7 DGB K\u00f6lnBonn \u00b7 Diakonie K\u00f6ln \u00b7 DIE LINKE K\u00f6ln \u00b7 DFG-VK, Gruppe K\u00f6ln \u00b7 DKP K\u00f6ln \u00b7<br \/>\nGewerkschaff op k\u00f6lsch \u00b7 Gewerkschaft NGG &#8211; Region K\u00f6ln \u00b7 IGBCE, Bezirk K\u00f6ln-Bonn \u00b7 Integrations-<br \/>\nrat K\u00f6ln (Vorsitzender Tayfun Keltek) \u00b7 Initiative Willkommen in Ehrenfeld \u00b7 Katholische Arbeitnehmer-<br \/>\nBewegung, Stadtverband K\u00f6ln \u00b7 Katholikenausschuss in der Stadt K\u00f6ln \u00b7 Katholisches Familienzentrum DeutzPoll \u00b7<br \/>\nKatholische Stadtdekanat K\u00f6ln \u00b7 kein mensch ist illegal K\u00f6ln \u00b7 K\u00f6lner Appell gegen Rassismus e.V. \u00b7 K\u00f6lner Fl\u00fcchtlingsrat<br \/>\ne.V. \u00b7 K\u00f6lner Runder Tisch f\u00fcr Integration e.V. \u00b7 Lobby f\u00fcr M\u00e4dchen \u00b7 Lossmersinge e.V. \u00b7 Runder Tisch Riehl \u00b7<br \/>\nSave me-Kampagne \u00b7 SPD K\u00f6ln \u00b7 Verein EL-DE-Haus e.V. \u00b7 Verein zur F\u00f6rderung der St\u00e4dtepartnerschaft K\u00f6ln Tunis e.V. \u00b7<br \/>\nVVN-BdA K\u00f6ln.<\/p>\n","protected":false},"excerpt":{"rendered":"<p>Demonstration + Kundgebung, Donnerstag, 10. Dezember 2015, 17 Uhr, EL-DE-Haus, Appellhofplatz https:\/\/www.facebook.com\/pages\/K%C3%B6ln-stellt-sich-quer\/606158276180923 Weltweit sind 60 Millionen Menschen auf der Flucht. 86 Prozent der Gefl\u00fcchteten werden von Entwicklungs- l\u00e4ndern aufgenommen. Die EU muss ihre Politik&#46;&#46;&#46;<\/p>\n","protected":false},"author":110,"featured_media":0,"comment_status":"open","ping_status":"open","sticky":false,"template":"","format":"standard","meta":{"footnotes":""},"categories":[2],"tags":[28],"class_list":["post-9038","post","type-post","status-publish","format-standard","hentry","category-aktionen","tag-fluchtlingen"],"_links":{"self":[{"href":"https:\/\/www.friedenkoeln.de\/index.php?rest_route=\/wp\/v2\/posts\/9038","targetHints":{"allow":["GET"]}}],"collection":[{"href":"https:\/\/www.friedenkoeln.de\/index.php?rest_route=\/wp\/v2\/posts"}],"about":[{"href":"https:\/\/www.friedenkoeln.de\/index.php?rest_route=\/wp\/v2\/types\/post"}],"author":[{"embeddable":true,"href":"https:\/\/www.friedenkoeln.de\/index.php?rest_route=\/wp\/v2\/users\/110"}],"replies":[{"embeddable":true,"href":"https:\/\/www.friedenkoeln.de\/index.php?rest_route=%2Fwp%2Fv2%2Fcomments&post=9038"}],"version-history":[{"count":1,"href":"https:\/\/www.friedenkoeln.de\/index.php?rest_route=\/wp\/v2\/posts\/9038\/revisions"}],"predecessor-version":[{"id":9039,"href":"https:\/\/www.friedenkoeln.de\/index.php?rest_route=\/wp\/v2\/posts\/9038\/revisions\/9039"}],"wp:attachment":[{"href":"https:\/\/www.friedenkoeln.de\/index.php?rest_route=%2Fwp%2Fv2%2Fmedia&parent=9038"}],"wp:term":[{"taxonomy":"category","embeddable":true,"href":"https:\/\/www.friedenkoeln.de\/index.php?rest_route=%2Fwp%2Fv2%2Fcategories&post=9038"},{"taxonomy":"post_tag","embeddable":true,"href":"https:\/\/www.friedenkoeln.de\/index.php?rest_route=%2Fwp%2Fv2%2Ftags&post=9038"}],"curies":[{"name":"wp","href":"https:\/\/api.w.org\/{rel}","templated":true}]}}