{"id":9051,"date":"2015-12-15T17:36:19","date_gmt":"2015-12-15T15:36:19","guid":{"rendered":"http:\/\/www.friedenkoeln.de\/?p=9051"},"modified":"2020-11-14T23:37:01","modified_gmt":"2020-11-14T21:37:01","slug":"wir-machen-krieg-koelner-antimilitaeratlas","status":"publish","type":"post","link":"https:\/\/www.friedenkoeln.de\/?p=9051","title":{"rendered":"\u201eWIR. MACHEN. KRIEG.  K\u00f6lner Anti\/Milit\u00e4ratlas&#8220;"},"content":{"rendered":"<p>Endlich liegt er vor: der K\u00f6lner Anti\/Milit\u00e4ratlas, erstellt von der Gruppe \u201eBundeswehr- wegtreten!&#8220;.<\/p>\n<p>Sein Erscheinen ist jetzt notwendiger denn je, in Zeiten, in denen sich die BRD auf immer mehr und riskantere Kriegsabenteuer einl\u00e4sst.<\/p>\n<p>Der Atlas beschreibt die Funktion der &#8222;Neuen Bundeswehr&#8220; nach der Bundeswehrreform. Er listet die in K\u00f6ln beheimateten Bundeswehreinrichtungen, aber auch R\u00fcstungsfirmen, die Verquickung von Kultur,( Aus-) Bildung, Kirche, Rat, Parteien usw. auf.<\/p>\n<p>Der Atlas zeigt aber auch, dass es Widerstand gegen diese Militarisierung in unserer Stadt gibt. Dass es B\u00fcrger gibt, die gegen das Milit\u00e4r protestieren, gerade wenn es sich\u00a0 b\u00fcrgernah, gerne auch mal wohlt\u00e4tig und auch als &#8222;normalen&#8220; Arbeitgeber darstellen will.<\/p>\n<p>Eine kleine Karte mit der Lage aller beschriebenen Standorte gibt eine gute \u00dcbersicht. Sie rechtfertigt auch den Namen &#8222;Atlas&#8220;. Sie l\u00e4dt vielleicht auch dazu ein, den Militaristen mal einen Besuch abzustatten, um dort einen Aufkleber &#8222;Krieg beginnt hier&#8220; anzubringen.<br \/>\nAlles ist gut lesbar, \u00fcbersichtlich layoutet und in eine handliche Brosch\u00fcre verpackt.<\/p>\n<p>Die Verfasser*innen sind sich bewu\u00dft, da\u00df dieser Atlas auch &#8222;wei\u00dfe Flecken&#8220; enth\u00e4lt. Sie hoffen allerdings, da\u00df dieser \u201eMangel&#8220; andere antimilitaristische Leser*innen dazu anregt, selbst zu recherchieren, zu sammeln und vielleicht als Koproduktion ein Erg\u00e4nzungsheft zu ver\u00f6ffentlichen.<\/p>\n<p>Preis: \u20ac 5.\u2014 (es darf auch der Solipreis von 7\u20ac gezahlt werden).<\/p>\n<p>Erh\u00e4ltlich:<\/p>\n<p>Der andere Buchladen K\u00f6ln,\u00a0 Ubierring 42 ,\u00a0\u00a0\u00a0\u00a0 Der andere Buchladen, Weyertal 32,\u00a0 \u00a0\u00a0Buchsalon Ehrenfeld, Wahlenstra\u00dfe 1,<\/p>\n<p>Buchladen \u00a0Kalker Hauptstra\u00dfe ( Nr. 237),\u00a0 <em>Buchhandlung am Chlodwigplatz<\/em> Ubierring 6-8<\/p>\n<p>SSK S<em>alierring<\/em> 37, N\u00e4he Barbarossaplatz<\/p>\n<p>Friedensbildungswerk K\u00f6ln, Obenmarspforten 7 -11, 50667 K\u00f6ln, Telefon: 0221- 952 19 45<\/p>\n<p>und \u00fcber P. Keller, Trajanstr. 5, 50678 K\u00f6ln, E-Mail: <a href=\"mailto:paulilula@gmx.de\">paulilula@gmx.de<\/a><\/p>\n<p>Bisherige Presse:<\/p>\n<p>Artikel &#8222;Junge Welt&#8220; :\u00a0 <a href=\"https:\/\/www.jungewelt.de\/2015\/12-07\/059.php\">K\u00f6ln lebt vom T\u00f6ten<\/a><\/p>\n<p>Stadtrevue, Dezember 2015, &#8222;Eisiger Wind auf der Domplatte&#8220;, Seite 13<\/p>\n","protected":false},"excerpt":{"rendered":"<p>Endlich liegt er vor: der K\u00f6lner Anti\/Milit\u00e4ratlas, erstellt von der Gruppe \u201eBundeswehr- wegtreten!&#8220;. Sein Erscheinen ist jetzt notwendiger denn je, in Zeiten, in denen sich die BRD auf immer mehr und riskantere Kriegsabenteuer einl\u00e4sst.&#46;&#46;&#46;<\/p>\n","protected":false},"author":110,"featured_media":0,"comment_status":"open","ping_status":"open","sticky":false,"template":"","format":"standard","meta":{"footnotes":""},"categories":[106],"tags":[],"class_list":["post-9051","post","type-post","status-publish","format-standard","hentry","category-analyse"],"_links":{"self":[{"href":"https:\/\/www.friedenkoeln.de\/index.php?rest_route=\/wp\/v2\/posts\/9051","targetHints":{"allow":["GET"]}}],"collection":[{"href":"https:\/\/www.friedenkoeln.de\/index.php?rest_route=\/wp\/v2\/posts"}],"about":[{"href":"https:\/\/www.friedenkoeln.de\/index.php?rest_route=\/wp\/v2\/types\/post"}],"author":[{"embeddable":true,"href":"https:\/\/www.friedenkoeln.de\/index.php?rest_route=\/wp\/v2\/users\/110"}],"replies":[{"embeddable":true,"href":"https:\/\/www.friedenkoeln.de\/index.php?rest_route=%2Fwp%2Fv2%2Fcomments&post=9051"}],"version-history":[{"count":1,"href":"https:\/\/www.friedenkoeln.de\/index.php?rest_route=\/wp\/v2\/posts\/9051\/revisions"}],"predecessor-version":[{"id":9052,"href":"https:\/\/www.friedenkoeln.de\/index.php?rest_route=\/wp\/v2\/posts\/9051\/revisions\/9052"}],"wp:attachment":[{"href":"https:\/\/www.friedenkoeln.de\/index.php?rest_route=%2Fwp%2Fv2%2Fmedia&parent=9051"}],"wp:term":[{"taxonomy":"category","embeddable":true,"href":"https:\/\/www.friedenkoeln.de\/index.php?rest_route=%2Fwp%2Fv2%2Fcategories&post=9051"},{"taxonomy":"post_tag","embeddable":true,"href":"https:\/\/www.friedenkoeln.de\/index.php?rest_route=%2Fwp%2Fv2%2Ftags&post=9051"}],"curies":[{"name":"wp","href":"https:\/\/api.w.org\/{rel}","templated":true}]}}