{"id":9081,"date":"2016-02-14T13:31:28","date_gmt":"2016-02-14T11:31:28","guid":{"rendered":"http:\/\/www.friedenkoeln.de\/?p=9081"},"modified":"2016-02-15T17:55:04","modified_gmt":"2016-02-15T15:55:04","slug":"solidaritaet-mit-codepink-kritik-an-der-israelischen-regierungspolitik-ist-kein-antisemitismus-rat-der-stadt-bayreuth-sollte-antisemitismus-vorwurf-sorgfaeltig-pruefen","status":"publish","type":"post","link":"https:\/\/www.friedenkoeln.de\/?p=9081","title":{"rendered":"Solidarit\u00e4t mit CODEPINK &#8211; Kritik an der israelischen Regierungspolitik ist kein Antisemitismus &#8211; Rat der Stadt Bayreuth sollte Antisemitismus-Vorwurf sorgf\u00e4ltig pr\u00fcfen"},"content":{"rendered":"<div class=\"\"><\/div>\n<div class=\"\">Das Friedensbildungswerk K\u00f6ln, die DFG-VK Gruppe K\u00f6ln und weitere K\u00f6lner Friedensgruppen bereiten eine Veranstaltung mit US-amerikanischen Vertreterinnen von CODEPINK am 7.\/8.4.2016 in K\u00f6ln vor. Dabei sollen die in B\u00fcchel stationierten US-Atombomben und der \u00fcber Ramstein durchgef\u00fchrte US-Drohnenkrieg thematisiert werden. CODEPINK ist eine pazifistische Organisation, die sich im Zusammenhang mit dem Angriff der USA auf den Irak gegr\u00fcndet hat (<a class=\"\" href=\"http:\/\/www.codepink.org\">http:\/\/www.codepink.org<\/a>). Sie wurde 2014 mit dem Aachener Friedenspreis ausgezeichnet.<\/div>\n<div class=\"\"><\/div>\n<div class=\"\">Die Stadt Bayreuth hatte eine Delegation von CODEPINK eingeladen, am 15. April in Bayreuth den mit 10.000 \u20ac dotierten \u201cWilhelmine-von-Bayreuth-Preis f\u00fcr Toleranz und Humanit\u00e4t\u201d in Empfang zu nehmen.<\/div>\n<div class=\"\">\n<div class=\"\"><\/div>\n<div class=\"\">CODEPINK und ihre Mitglieder kritisieren auch die Politik der israelischen Regierung. Die ehemalige US-Offizierin und Diplomatin Ann Wright, die Teilnehmerin der CODEPINK-Delegation in Deutschland sein wird, hat k\u00fcrzlich in den USA sogar Klage gegen die israelische Regierung im Zusammenhang mit dem 2010 durchgef\u00fchrten Angriff auf ein t\u00fcrkisches, unter US-Flagge fahrendes Schiff (\u201eGaza Freedom Flotilla\u201c) erhoben: <a href=\"https:\/\/www.washingtonpost.com\/world\/in-us-court-israel-faces-civil-suit-by-american-victims-in-gaza-flotilla-raid\/2016\/01\/11\/1893fa96-b643-11e5-a76a-0b5145e8679a_story.html\">https:\/\/www.washingtonpost.com\/world\/in-us-court-israel-faces-civil-suit-by-american-victims-in-gaza-flotilla-raid\/2016\/01\/11\/1893fa96-b643-11e5-a76a-0b5145e8679a_story.html\u00a0<\/a><\/div>\n<div class=\"\"><\/div>\n<div class=\"\">Benjamin Weinthal, ein Journalist der Jerusalem Post, erhob am 10.2.2016 schwere Vorw\u00fcrfe gegen die Stadt Bayreuth und CODEPINK (u. a. Antisemitismus): &#8222;German city awards US NGO with\u00a0ties to\u00a0Holocaust\u00a0deniers \u20ac10,000\u00a0prize\u201c (<a class=\"\" href=\"http:\/\/www.jpost.com\/Diaspora\/German-city-awards-US-NGO-with-ties-to-Holocaust-deniers-10000-prize-444479\">http:\/\/www.jpost.com\/Diaspora\/German-city-awards-US-NGO-with-ties-to-Holocaust-deniers-10000-prize-444479<\/a>).<\/div>\n<div class=\"\"><\/div>\n<div class=\"\">Am 11.2.2016 teilte die Stadt Bayreuth mit, dass die Oberb\u00fcrgermeisterin dem Stadtrat empfehlen werde, Abstand von der Preisverleihung zu nehmen (<a class=\"\" href=\"http:\/\/www.bayreuth.de\/preisverleihung-an-code-pink-wird-nochmals-den-stadtrat-beschaeftigen\/\">http:\/\/www.bayreuth.de\/preisverleihung-an-code-pink-wird-nochmals-den-stadtrat-beschaeftigen\/<\/a>\u00a0). Ein weiterer Artikel von Weinthal erschien daraufhin am 11.2.2016: &#8222;German mayor opposes \u20ac10,000\u00a0award to anti-Semitic\u00a0group Code\u00a0Pink\u201c.<\/div>\n<div class=\"\"><\/div>\n<div class=\"\">Am 11.2.2016 nahm CODEPINK-Mitglied Elsa Rassbach gegen\u00fcber der Oberb\u00fcrgermeisterin der Stadt Bayreuth, Frau Merk-Erbe, Stellung zu den Ausf\u00fchrungen in der Jerusalem Post und der Presseerkl\u00e4rung der Stadt Bayreuth (<a href=\"http:\/\/www.friedenkoeln.de\/?p=9077\">http:\/\/www.friedenkoeln.de\/?p=9077<\/a>, deutsch).<\/div>\n<div class=\"\"><\/div>\n<div class=\"\">Am 12.2.2016 schrieb die CODEPINK-Mitbegr\u00fcnderin Medea Benjamin an\u00a0<span class=\"\">Frau\u00a0Merk-Erbe\u00a0(<\/span><a href=\"http:\/\/bit.ly\/1oAnQDb\">bit.ly\/1oAnQDb,<\/a> englisch).<\/div>\n<div class=\"\"><\/div>\n<div class=\"\">Am 13.2.2016 ver\u00f6ffentlichte CODEPINK eine Pressemitteilung, die wir unten angef\u00fcgt haben.<\/div>\n<div class=\"\"><\/div>\n<div class=\"\">Wir halten die Vorw\u00fcrfe von Benjamin Weinthal nach Durchsicht der von ihm angegebenen Quellen und der ausf\u00fchrlichen Stellungnahmen von CODEPINK f\u00fcr unbegr\u00fcndet und glauben, dass der Rat der Stadt Bayreuth seiner \u201ehistorischen Verantwortung\u201c dann am besten nachkommt, wenn er die von Herrn Weinthal angef\u00fchrten Argumente kritisch auf ihren Tatsachengehalt pr\u00fcft, bevor er eine Entscheidung \u00fcber die Preisverleihung trifft. Dabei sollte der Brief von Medea Benjamin an Frau Merk-Erbe sorgf\u00e4ltig gelesen werden: hier werden die Anschuldigungen von Herrn Weinthal unserer Ansicht nach entkr\u00e4ftet.<\/div>\n<div class=\"\"><\/div>\n<div class=\"\">Mit CODEPINK erkl\u00e4ren wir uns solidarisch und freuen uns, einen Teil der Delegation bald in K\u00f6ln begr\u00fc\u00dfen zu d\u00fcrfen.<\/div>\n<div class=\"\"><\/div>\n<div class=\"\">In der Laudatio an CODEPINK in Aachen sagte\u00a0Gabriele Krone-Schmalz 2014: &#8222;Code Pink\u00a0Women demonstrieren und protestieren gegen die Verhaftung von Journalisten in A\u0308gypten. Sie\u00a0melden sich\u00a0auch immer wieder zu der Katastrophe zu Wort, die sich seit Jahrzehnten im Nahen\u00a0Osten\u00a0abspielt und fordern die US\u00a0Regierung auf, ihre einseitige verbale und vor allem finanzielle\u00a0Unterstu\u0308tzung Israels einzustellen. Sie geho\u0308ren zu denen,\u00a0die all jenen die Stirn bieten, die Kritik\u00a0an israelischer Politik nicht von Antisemitismus unterscheiden ko\u0308nnen.\u201d<\/div>\n<\/div>\n<div class=\"\"><\/div>\n<div class=\"\"><\/div>\n<div class=\"\"><a href=\"http:\/\/www.friedenkoeln.de\/wp-content\/uploads\/2016\/02\/br_bayreuth_wg-codepink.pdf\">Stellungnahme von Ralf Woelk &#8211; Mitglied im Sprecherrat &#8211; Aachener Friedenspreis e.V.<\/a><\/div>\n","protected":false},"excerpt":{"rendered":"<p>Das Friedensbildungswerk K\u00f6ln, die DFG-VK Gruppe K\u00f6ln und weitere K\u00f6lner Friedensgruppen bereiten eine Veranstaltung mit US-amerikanischen Vertreterinnen von CODEPINK am 7.\/8.4.2016 in K\u00f6ln vor. Dabei sollen die in B\u00fcchel stationierten US-Atombomben und der \u00fcber&#46;&#46;&#46;<\/p>\n","protected":false},"author":110,"featured_media":0,"comment_status":"open","ping_status":"open","sticky":false,"template":"","format":"standard","meta":{"footnotes":""},"categories":[],"tags":[42,33,32,39,43],"class_list":["post-9081","post","type-post","status-publish","format-standard","hentry","tag-abruestung","tag-atomwaffen","tag-information-diskussion","tag-kampfdrohnen","tag-rassismus"],"_links":{"self":[{"href":"https:\/\/www.friedenkoeln.de\/index.php?rest_route=\/wp\/v2\/posts\/9081","targetHints":{"allow":["GET"]}}],"collection":[{"href":"https:\/\/www.friedenkoeln.de\/index.php?rest_route=\/wp\/v2\/posts"}],"about":[{"href":"https:\/\/www.friedenkoeln.de\/index.php?rest_route=\/wp\/v2\/types\/post"}],"author":[{"embeddable":true,"href":"https:\/\/www.friedenkoeln.de\/index.php?rest_route=\/wp\/v2\/users\/110"}],"replies":[{"embeddable":true,"href":"https:\/\/www.friedenkoeln.de\/index.php?rest_route=%2Fwp%2Fv2%2Fcomments&post=9081"}],"version-history":[{"count":5,"href":"https:\/\/www.friedenkoeln.de\/index.php?rest_route=\/wp\/v2\/posts\/9081\/revisions"}],"predecessor-version":[{"id":9088,"href":"https:\/\/www.friedenkoeln.de\/index.php?rest_route=\/wp\/v2\/posts\/9081\/revisions\/9088"}],"wp:attachment":[{"href":"https:\/\/www.friedenkoeln.de\/index.php?rest_route=%2Fwp%2Fv2%2Fmedia&parent=9081"}],"wp:term":[{"taxonomy":"category","embeddable":true,"href":"https:\/\/www.friedenkoeln.de\/index.php?rest_route=%2Fwp%2Fv2%2Fcategories&post=9081"},{"taxonomy":"post_tag","embeddable":true,"href":"https:\/\/www.friedenkoeln.de\/index.php?rest_route=%2Fwp%2Fv2%2Ftags&post=9081"}],"curies":[{"name":"wp","href":"https:\/\/api.w.org\/{rel}","templated":true}]}}