{"id":9094,"date":"2016-02-21T15:57:09","date_gmt":"2016-02-21T13:57:09","guid":{"rendered":"http:\/\/www.friedenkoeln.de\/?p=9094"},"modified":"2016-02-21T15:57:09","modified_gmt":"2016-02-21T13:57:09","slug":"lichter-fuer-syrien-am-koelner-dom","status":"publish","type":"post","link":"https:\/\/www.friedenkoeln.de\/?p=9094","title":{"rendered":"Lichter f\u00fcr Syrien am K\u00f6lner Dom"},"content":{"rendered":"<p>&nbsp;<\/p>\n<p>&nbsp;<\/p>\n<p><a href=\"http:\/\/www.friedenkoeln.de\/wp-content\/uploads\/2016\/02\/Lichter-f\u00fcr-Syrien-1.jpg\" data-id=\"9097\" data-rel=\"lightbox-image-0\" data-rl_title=\"\" data-rl_caption=\"\" title=\"\"><img loading=\"lazy\" decoding=\"async\" class=\"alignnone size-medium wp-image-9097\" src=\"http:\/\/www.friedenkoeln.de\/wp-content\/uploads\/2016\/02\/Lichter-f\u00fcr-Syrien-1-320x190.jpg\" alt=\"Lichter f\u00fcr Syrien 1\" width=\"320\" height=\"190\" \/><\/a><\/p>\n<h6>Foto: Katja Peter<\/h6>\n<p>Etwa 50 engagierte Menschen versammelten sich am 20. 2. 2016 abends bei Regen und Sturm vor dem K\u00f6lner Dom, um sich f\u00fcr ein Ende des Stellvertreterkrieges in Syrien und die Beteiligung Deutschlands an diesem Krieg einzusetzen. Die Aktion fand im Rahmen einer bundesweiten Aktion statt, n\u00e4heres unter <a href=\"https:\/\/www.lichter-fuer-syrien.de\/start\/\">https:\/\/www.lichter-fuer-syrien.de\/start\/<\/a><\/p>\n<p><a href=\"http:\/\/www.friedenkoeln.de\/wp-content\/uploads\/2016\/02\/Lichter-f\u00fcr-Syrien4.jpg\" data-id=\"9099\" data-rel=\"lightbox-image-1\" data-rl_title=\"\" data-rl_caption=\"\" title=\"\"><img loading=\"lazy\" decoding=\"async\" class=\"alignnone size-medium wp-image-9099\" src=\"http:\/\/www.friedenkoeln.de\/wp-content\/uploads\/2016\/02\/Lichter-f\u00fcr-Syrien4-320x190.jpg\" alt=\"Lichter f\u00fcr Syrien4\" width=\"320\" height=\"190\" \/><\/a><\/p>\n<h6>Foto: Katja Peter<\/h6>\n<p><strong>\u00d6zge Keskin<\/strong> hielt eine der engagierten Reden, die im Verlauf dieser Aktion gehalten wurden und die hier dokumentiert wird:<\/p>\n<p style=\"text-align: left;\"><em>Sehr geehrte Damen und Herren,<\/em><br \/>\n<em> wir haben uns heute, zu dieser Uhrzeit hier versammelt, um den Menschen in Syrien Solidarit\u00e4t zu <\/em><em>zeigen und ein Zeichen zu setzen, gegen Krieg, Militarismus und Terror. Denn seit Jahrhunderten <\/em><em>zerst\u00f6ren Kriege, die politisch, wirtschaftlich, \u00f6konomisch oder rassistisch orientiert sind ganze <\/em><em>L\u00e4nder und versetzen deren Bev\u00f6lkerung in erb\u00e4rmliche Lebenslagen. Oft sind mangelnde Bildung <\/em><em>und bewaffnete Gruppierungen der Grund f\u00fcr schwer zu l\u00f6sende Konflikte, die tiefe Narben <\/em><em>hinterlassen.<\/em><br \/>\n<em> Aber und aber Millionen unschuldige Menschen sterben, Jahr f\u00fcr Jahr, Monat f\u00fcr Monat, Tag f\u00fcr <\/em><em>Tag&#8230; Gez\u00e4hlt werden kann die Zahl der Opfer nie, denn zu viele sind es, die dem gr\u00fcngef\u00e4rbten <\/em><em>Cannibalismus zum Opfer gefallen sind. Kinder, Babies, M\u00fctter, V\u00e4ter, schutzlose Menschen, die <\/em><em>Waffen und Bomben haben vor niemandem Halt. Und auch heute in diesem Moment, in dem wir <\/em><em>hier stehen, schlagen anderswo Bomben ein, Waffen werden auf Zivilisten gerichtet, Waffen, die in<\/em> <em>unserem Namen produziert worden sind. Auch wir sind indirekt schuldig, denn w\u00e4hrend all dies <\/em><em>geschieht, unternehmen wir nichts. Wir schauen weg, h\u00f6ren nicht hin und spielen die Ahnungslosen, <\/em><em>sodass weitere Tausende dem Krieg zum Opfer fallen. Anstatt die geringste Hilfe f\u00fcr diese <\/em><em>Menschen zu zeigen, werden die Asylgesetze versch\u00e4rft, Fl\u00fcchtlingsunterk\u00fcnfte angegriffen und <\/em><em>Rassismus politisiert. <\/em><em>Und weil wir dem ewigen Schweigen, Ignorieren und dem passivem Zerst\u00f6ren ein Ende setzen <\/em><em>wollen, Ans\u00e4tze zur Bek\u00e4mpfung des Krieges setzen und eine strukturierte<\/em> <em>Friedenswiderherstellung einf\u00fchren wollen, fordern wir:<\/em><br \/>\n<em> &#8211; humanti\u00e4ren Hilfseinsatz in Syrien, um der sich verbreitenden Armut und Not der Zivilisten\u00a0 <\/em><em>entgegenzukommen<\/em><br \/>\n<em> -wir fordern die Unterst\u00fctzung von Bildung in Syrien, um die fortlaufende R\u00fcckentwicklung der <\/em><em>Bev\u00f6lkerung zu stoppen<\/em><br \/>\n<em> -wir fordern eine diplomatische L\u00f6sung des Konflikts und Verhandlungen, deren Entschl\u00fcsse die <\/em><em>Gr\u00fcndung eines demokratischen Staates in Syrien erm\u00f6glichen<\/em><br \/>\n<em> -wir fordern den sofortigen Stopp von Waffenexporten in die Krisenregion Naher und Mittlerer <\/em><em>Osten sowie in menschenrechtsverletzenden Staaten<\/em><br \/>\n<em>-wir fordern die Austrocknung s\u00e4mtlicher Geldquellen des Islamischen Staates <\/em><em>und die Beendigung der Kooperation mit Saudi-Arabien<\/em><br \/>\n<em> \u2013 wir fordern die Einstellung weiterer Asylrechtsversch\u00e4rfungen und bedingungslosen Schutz <\/em><em>f\u00fcr Fl\u00fcchtlinge<\/em><br \/>\n<em> Und damit solch ein Grauen sich nicht wiederholt rufen wir, nie wieder Bundeswehr, nie wieder <\/em><em>Milit\u00e4r, nie wieder Krieg, nie wieder Waffen, nie wieder Opfer!<\/em><br \/>\n<em> Und wir halten Lichter und Kerzen in der Hand und wie diese brennen, brennen auch unsere <\/em><em>Herzen- f\u00fcr Frieden, f\u00fcr Gleichheit, f\u00fcr Gerechtigkeit und Liebe f\u00fcr alle Ewigkeit, denn wenn wir<\/em> <em>f\u00fcr all das nicht brennen, wird diese Welt nie hell aufleuchten.<\/em><\/p>\n<p style=\"text-align: right;\">\u00d6zge Keskin<\/p>\n<p style=\"text-align: right;\">\n<p style=\"text-align: left;\">Autor des Beitrags: Harald Fuchs<\/p>\n","protected":false},"excerpt":{"rendered":"<p>&nbsp; &nbsp; Foto: Katja Peter Etwa 50 engagierte Menschen versammelten sich am 20. 2. 2016 abends bei Regen und Sturm vor dem K\u00f6lner Dom, um sich f\u00fcr ein Ende des Stellvertreterkrieges in Syrien und&#46;&#46;&#46;<\/p>\n","protected":false},"author":110,"featured_media":9097,"comment_status":"open","ping_status":"open","sticky":false,"template":"","format":"standard","meta":{"footnotes":""},"categories":[2],"tags":[47,43,37],"class_list":["post-9094","post","type-post","status-publish","format-standard","has-post-thumbnail","hentry","category-aktionen","tag-krieg-gegen-terror","tag-rassismus","tag-ruestungsexporte"],"_links":{"self":[{"href":"https:\/\/www.friedenkoeln.de\/index.php?rest_route=\/wp\/v2\/posts\/9094","targetHints":{"allow":["GET"]}}],"collection":[{"href":"https:\/\/www.friedenkoeln.de\/index.php?rest_route=\/wp\/v2\/posts"}],"about":[{"href":"https:\/\/www.friedenkoeln.de\/index.php?rest_route=\/wp\/v2\/types\/post"}],"author":[{"embeddable":true,"href":"https:\/\/www.friedenkoeln.de\/index.php?rest_route=\/wp\/v2\/users\/110"}],"replies":[{"embeddable":true,"href":"https:\/\/www.friedenkoeln.de\/index.php?rest_route=%2Fwp%2Fv2%2Fcomments&post=9094"}],"version-history":[{"count":1,"href":"https:\/\/www.friedenkoeln.de\/index.php?rest_route=\/wp\/v2\/posts\/9094\/revisions"}],"predecessor-version":[{"id":9100,"href":"https:\/\/www.friedenkoeln.de\/index.php?rest_route=\/wp\/v2\/posts\/9094\/revisions\/9100"}],"wp:featuredmedia":[{"embeddable":true,"href":"https:\/\/www.friedenkoeln.de\/index.php?rest_route=\/wp\/v2\/media\/9097"}],"wp:attachment":[{"href":"https:\/\/www.friedenkoeln.de\/index.php?rest_route=%2Fwp%2Fv2%2Fmedia&parent=9094"}],"wp:term":[{"taxonomy":"category","embeddable":true,"href":"https:\/\/www.friedenkoeln.de\/index.php?rest_route=%2Fwp%2Fv2%2Fcategories&post=9094"},{"taxonomy":"post_tag","embeddable":true,"href":"https:\/\/www.friedenkoeln.de\/index.php?rest_route=%2Fwp%2Fv2%2Ftags&post=9094"}],"curies":[{"name":"wp","href":"https:\/\/api.w.org\/{rel}","templated":true}]}}