{"id":9123,"date":"2016-03-01T14:34:58","date_gmt":"2016-03-01T12:34:58","guid":{"rendered":"http:\/\/www.friedenkoeln.de\/?p=9123"},"modified":"2016-03-20T07:12:31","modified_gmt":"2016-03-20T05:12:31","slug":"ostermarsch-2016","status":"publish","type":"post","link":"https:\/\/www.friedenkoeln.de\/?p=9123","title":{"rendered":"Ostermarsch 2016"},"content":{"rendered":"<p>&#8222;Hunderttausende von Menschen suchen gegenw\u00e4rtig in unserem Land Zuflucht, weil ihre Heimatl\u00e4nder durch Kriege und Terror\u00a0 unbewohnbar geworden sind.(&#8230;)<\/p>\n<p>F\u00fcr die Fluchtursachen ist besonders Deutschland mit verantwortlich. Am deutlichsten wird das bei den unverminderten deutschen R\u00fcstungsexporten f\u00fcr Oman, Katar und Saudi-Arabien. Saudi-Arabien und die T\u00fcrkei unterst\u00fctzen den Islamischen Staat, dessen wichtigster N\u00e4hrboden der fortgesetzte Krieg in Syrien ist. (&#8230;)<\/p>\n<p>Trotz aller Warnungen vor weiterer milit\u00e4rischer Eskalation gie\u00dft die Bundesregierung \u00d6l ins Feuer, wenn sie die Bundeswehr jetzt auch in Syrien einsetzt. Wie bereits Afghanistan bewiesen hat, bremst das terroristische Aktivit\u00e4ten nicht, sondern vergr\u00f6\u00dfert nur das Blutvergie\u00dfen. Terror l\u00e4sst sich nicht durch Krieg beenden.<\/p>\n<p>Diese Ausz\u00fcge aus dem deisj\u00e4hrigen Aufruf zum Ostermarsch Rhein\/Ruhr benennen die dr\u00e4ngsten Probleme, mit denen sich die Friedensbewegung zur Zeit asueinadersetzt! Der Ostermarsch 2016 steht unter dem Motto: <strong>&#8222;Fluchtursachen erkennen, Verantwortliche benennen, Kriegsursachen beseitigen!&#8220;<\/strong> 30 bekannte Erstunterzeichner, 55 Organisationen und Initiativen sowie \u00fcber 500 Einzelpersonen rufen zur Teilnahme an der Aktion an den drei Ostertagen auf.<\/p>\n<h3><strong>Ostersamstag, 26. 3. 16, 12.00 Uhr: Auftaktkundgebung vor dem Hauptbahnhof K\u00f6ln.<\/strong><\/h3>\n<p>Anschlie\u00dfend Fahrt nach D\u00fcsseldorf zur Teilnahme am Ostermarsch Rheinland<\/p>\n<p><span style=\"text-decoration: underline;\">Aufruf:<\/span> <a href=\"http:\/\/www.ostermarsch-ruhr.de\/aufruf.html\">http:\/\/www.ostermarsch-ruhr.de\/aufruf.html<\/a><\/p>\n<p><span style=\"text-decoration: underline;\">Flyer:<\/span>\u00a0<a href=\"http:\/\/ostermarsch-rheinland.de\/OM-Flyer16_kl_web.pdf\">http:\/\/ostermarsch-rheinland.de\/OM-Flyer16_kl_web.pdf<\/a><\/p>\n","protected":false},"excerpt":{"rendered":"<p>&#8222;Hunderttausende von Menschen suchen gegenw\u00e4rtig in unserem Land Zuflucht, weil ihre Heimatl\u00e4nder durch Kriege und Terror\u00a0 unbewohnbar geworden sind.(&#8230;) F\u00fcr die Fluchtursachen ist besonders Deutschland mit verantwortlich. Am deutlichsten wird das bei den unverminderten&#46;&#46;&#46;<\/p>\n","protected":false},"author":110,"featured_media":0,"comment_status":"open","ping_status":"open","sticky":false,"template":"","format":"standard","meta":{"footnotes":""},"categories":[2],"tags":[42,33,28],"class_list":["post-9123","post","type-post","status-publish","format-standard","hentry","category-aktionen","tag-abruestung","tag-atomwaffen","tag-fluchtlingen"],"_links":{"self":[{"href":"https:\/\/www.friedenkoeln.de\/index.php?rest_route=\/wp\/v2\/posts\/9123","targetHints":{"allow":["GET"]}}],"collection":[{"href":"https:\/\/www.friedenkoeln.de\/index.php?rest_route=\/wp\/v2\/posts"}],"about":[{"href":"https:\/\/www.friedenkoeln.de\/index.php?rest_route=\/wp\/v2\/types\/post"}],"author":[{"embeddable":true,"href":"https:\/\/www.friedenkoeln.de\/index.php?rest_route=\/wp\/v2\/users\/110"}],"replies":[{"embeddable":true,"href":"https:\/\/www.friedenkoeln.de\/index.php?rest_route=%2Fwp%2Fv2%2Fcomments&post=9123"}],"version-history":[{"count":5,"href":"https:\/\/www.friedenkoeln.de\/index.php?rest_route=\/wp\/v2\/posts\/9123\/revisions"}],"predecessor-version":[{"id":9173,"href":"https:\/\/www.friedenkoeln.de\/index.php?rest_route=\/wp\/v2\/posts\/9123\/revisions\/9173"}],"wp:attachment":[{"href":"https:\/\/www.friedenkoeln.de\/index.php?rest_route=%2Fwp%2Fv2%2Fmedia&parent=9123"}],"wp:term":[{"taxonomy":"category","embeddable":true,"href":"https:\/\/www.friedenkoeln.de\/index.php?rest_route=%2Fwp%2Fv2%2Fcategories&post=9123"},{"taxonomy":"post_tag","embeddable":true,"href":"https:\/\/www.friedenkoeln.de\/index.php?rest_route=%2Fwp%2Fv2%2Ftags&post=9123"}],"curies":[{"name":"wp","href":"https:\/\/api.w.org\/{rel}","templated":true}]}}