{"id":9125,"date":"2016-03-01T14:34:45","date_gmt":"2016-03-01T12:34:45","guid":{"rendered":"http:\/\/www.friedenkoeln.de\/?p=9125"},"modified":"2016-03-06T18:47:09","modified_gmt":"2016-03-06T16:47:09","slug":"friedensfahrradtour-2016","status":"publish","type":"post","link":"https:\/\/www.friedenkoeln.de\/?p=9125","title":{"rendered":"Friedensfahrradtour 2016"},"content":{"rendered":"<div align=\"left\"><span style=\"font-family: Arial; font-size: small;\">Die diesj\u00e4hrige FFT hat das Motto:<\/span><\/div>\n<div align=\"left\"><span style=\"font-family: Arial; font-size: small;\">Auf Achse f\u00fcr Frieden und Abr\u00fcstung!<\/span><\/div>\n<div align=\"left\"><span style=\"font-family: Arial; font-size: small;\">F\u00fcr ein ziviles Europa, frei von Atomwaffen und AKWs! F\u00fcr Friedensschutz<\/span><\/div>\n<div align=\"left\"><span style=\"font-family: Arial; font-size: small;\">durch Klimaschutz! Die Tour wird vom 30. Juli bis 6. August stattfinden<\/span><\/div>\n<div align=\"left\"><span style=\"font-family: Arial; font-size: small;\">und wieder in M\u00fcnster starten. Sie f\u00fchrt dann \u00fcber Gronau, Kalkar,<\/span><\/div>\n<div align=\"left\"><span style=\"font-family: Arial; font-size: small;\">Volkel (Niederlande), M\u00f6nchengladbach und Geilenkirchen bis zum Tourende<\/span><\/div>\n<div align=\"left\"><span style=\"font-family: Arial; font-size: small;\">in K\u00f6ln (soweit die bisherige Grobplanung). Damit werden Aktionen gegen<\/span><\/div>\n<div align=\"left\"><span style=\"font-family: Arial; font-size: small;\">die Militarisierung im Rheinland plus gegen den niederl\u00e4ndischen<\/span><\/div>\n<div align=\"left\"><span style=\"font-family: Arial; font-size: small;\">Atomwaffenstandort Volkel in den Vordergrund gestellt. Die Einbeziehung<\/span><\/div>\n<div align=\"left\"><span style=\"font-family: Arial; font-size: small;\">Gronaus als Standort der umstrittenen Urananreicherungsanlage wie auch<\/span><\/div>\n<div align=\"left\"><span style=\"font-family: Arial; font-size: small;\">die Problematisierung des Klimawandels mit Aktionen zur Braunkohlef\u00f6rderung<\/span><\/div>\n<div align=\"left\"><span style=\"font-family: Arial; font-size: small;\">beim Hambacher Forst auf der letzten Etappe vor K\u00f6ln kn\u00fcpft an die<\/span><\/div>\n<div align=\"left\"><span style=\"font-family: Arial; font-size: small;\">Zusammenarbeit der DFG-VK NRW mit der Anti-AKW- und Klimaschutzbewegung\u00a0 an.<\/span><\/div>\n<div align=\"left\">Jetzt Termin freihalten! Jeweils aktuelle Infos unter<\/div>\n<div align=\"left\"><a href=\"http:\/\/nrw.dfg-vk.de\/themen\/Fahrradtour.html\">http:\/\/nrw.dfg-vk.de\/themen\/Fahrradtour.html<\/a><\/div>\n","protected":false},"excerpt":{"rendered":"<p>Die diesj\u00e4hrige FFT hat das Motto: Auf Achse f\u00fcr Frieden und Abr\u00fcstung! F\u00fcr ein ziviles Europa, frei von Atomwaffen und AKWs! F\u00fcr Friedensschutz durch Klimaschutz! Die Tour wird vom 30. Juli bis 6. August&#46;&#46;&#46;<\/p>\n","protected":false},"author":110,"featured_media":0,"comment_status":"open","ping_status":"open","sticky":false,"template":"","format":"standard","meta":{"footnotes":""},"categories":[2],"tags":[42,33,36],"class_list":["post-9125","post","type-post","status-publish","format-standard","hentry","category-aktionen","tag-abruestung","tag-atomwaffen","tag-oekologie-und-frieden"],"_links":{"self":[{"href":"https:\/\/www.friedenkoeln.de\/index.php?rest_route=\/wp\/v2\/posts\/9125","targetHints":{"allow":["GET"]}}],"collection":[{"href":"https:\/\/www.friedenkoeln.de\/index.php?rest_route=\/wp\/v2\/posts"}],"about":[{"href":"https:\/\/www.friedenkoeln.de\/index.php?rest_route=\/wp\/v2\/types\/post"}],"author":[{"embeddable":true,"href":"https:\/\/www.friedenkoeln.de\/index.php?rest_route=\/wp\/v2\/users\/110"}],"replies":[{"embeddable":true,"href":"https:\/\/www.friedenkoeln.de\/index.php?rest_route=%2Fwp%2Fv2%2Fcomments&post=9125"}],"version-history":[{"count":3,"href":"https:\/\/www.friedenkoeln.de\/index.php?rest_route=\/wp\/v2\/posts\/9125\/revisions"}],"predecessor-version":[{"id":9157,"href":"https:\/\/www.friedenkoeln.de\/index.php?rest_route=\/wp\/v2\/posts\/9125\/revisions\/9157"}],"wp:attachment":[{"href":"https:\/\/www.friedenkoeln.de\/index.php?rest_route=%2Fwp%2Fv2%2Fmedia&parent=9125"}],"wp:term":[{"taxonomy":"category","embeddable":true,"href":"https:\/\/www.friedenkoeln.de\/index.php?rest_route=%2Fwp%2Fv2%2Fcategories&post=9125"},{"taxonomy":"post_tag","embeddable":true,"href":"https:\/\/www.friedenkoeln.de\/index.php?rest_route=%2Fwp%2Fv2%2Ftags&post=9125"}],"curies":[{"name":"wp","href":"https:\/\/api.w.org\/{rel}","templated":true}]}}