{"id":9166,"date":"2016-03-17T23:59:10","date_gmt":"2016-03-17T21:59:10","guid":{"rendered":"http:\/\/www.friedenkoeln.de\/?p=9166"},"modified":"2016-04-01T10:58:30","modified_gmt":"2016-04-01T08:58:30","slug":"buechel-und-ramstein-sind-ueberall-us-krieg-made-in-germany","status":"publish","type":"post","link":"https:\/\/www.friedenkoeln.de\/?p=9166","title":{"rendered":"B\u00fcchel und Ramstein sind \u00fcberall &#8211; US-Krieg \u201eMade in Germany\u201c?"},"content":{"rendered":"<p><b><\/b><a href=\"http:\/\/www.friedenkoeln.de\/wp-content\/uploads\/2016\/03\/Umdrehen.jpg\" data-id=\"9167\" data-rel=\"lightbox-image-0\" data-rl_title=\"\" data-rl_caption=\"\" title=\"\"><img loading=\"lazy\" decoding=\"async\" class=\"  wp-image-9167 aligncenter\" src=\"http:\/\/www.friedenkoeln.de\/wp-content\/uploads\/2016\/03\/Umdrehen-320x150.jpg\" alt=\"Umdrehen!\" width=\"384\" height=\"180\" \/><\/a><\/p>\n<p class=\"western\" align=\"center\"><span style=\"font-family: Arial,sans-serif;\"><span style=\"font-size: large;\"><b>US-amerikanische + deutsche FriedensaktivistInnen <\/b><\/span><\/span><\/p>\n<p class=\"western\" align=\"center\"><span style=\"font-family: Arial,sans-serif;\"><span style=\"font-size: large;\">sprechen \u00fcber die US-Atombomben in B\u00fcchel\/Eifel,<\/span><\/span><\/p>\n<p class=\"western\" align=\"center\"><span style=\"font-family: Arial,sans-serif;\"><span style=\"font-size: large;\">den US-Drohnenkrieg \u00fcber Ramstein\/Pfalz<\/span><\/span><\/p>\n<p class=\"western\" align=\"center\"><span style=\"font-family: Arial,sans-serif;\"><span style=\"font-size: large;\">und die deutsche Killerdrohnenbeschaffung:<\/span><\/span><\/p>\n<p class=\"western\"><span style=\"font-family: Arial,sans-serif;\"><span style=\"font-size: large;\"><b>Roland Blach<\/b><\/span><\/span><span style=\"font-family: Arial,sans-serif;\"><span style=\"font-size: large;\">, Deutsche Friedensgesellschaft \u2013 Vereinigte KriegsdienstgegnerInnen (DFG-VK)<\/span><\/span><\/p>\n<p class=\"western\"><span style=\"font-family: Arial,sans-serif;\"><span style=\"font-size: large;\"><b>Toby Blom\u00e9<\/b><\/span><\/span><span style=\"font-family: Arial,sans-serif;\"><span style=\"font-size: large;\">, CODEPINK<\/span><\/span><\/p>\n<p class=\"western\"><span style=\"font-family: Arial,sans-serif;\"><span style=\"font-size: large;\"><b>Elsa Rassbach<\/b><\/span><\/span><span style=\"font-family: Arial,sans-serif;\"><span style=\"font-size: large;\">, CODEPINK, DFG-VK<\/span><\/span><\/p>\n<p class=\"western\"><span style=\"font-family: Arial,sans-serif;\"><span style=\"font-size: large;\"><b>Ann Wright<\/b><\/span><\/span><span style=\"font-family: Arial,sans-serif;\"><span style=\"font-size: large;\">, CODEPINK, Veterans for Peace<\/span><\/span><\/p>\n<p class=\"western\" align=\"center\"><span style=\"font-family: Arial,sans-serif;\"><span style=\"font-size: x-large;\">Donnerstag, 7. April 2016 \u2013 19:30 Uhr<\/span><\/span><\/p>\n<p class=\"western\" align=\"center\"><span style=\"font-family: Arial,sans-serif;\"><span style=\"font-size: large;\">B\u00fcrgerzentrum K\u00f6ln-Ehrenfeld, Venloer Str. 429<\/span><\/span><\/p>\n<p class=\"western\" align=\"center\"><span style=\"font-family: Arial,sans-serif;\"><span style=\"font-size: large;\">Eintritt frei (Spenden erbeten)!<\/span><\/span><\/p>\n<p class=\"western\"><span style=\"font-family: Arial,sans-serif;\"><i>Attac K\u00f6ln, DFG-VK, Friedensbildungswerk K\u00f6ln, K\u00f6lner Friedensforum, Komitee f\u00fcr Grundrechte und Demokratie, Pax Christi K\u00f6ln, StopWatchingUs, DFG-VK Bildungswerk NRW<br \/>\n<\/i><\/span><\/p>\n<p class=\"western\" align=\"center\"><span style=\"font-family: Arial,sans-serif;\"><span style=\"font-size: large;\"><b>B\u00fcchel und Ramstein<\/b><\/span><\/span><\/p>\n<p class=\"western\" align=\"center\"><span style=\"font-family: Arial,sans-serif;\"><span style=\"font-size: large;\"><b>zwei Orte, wo Milit\u00e4rs etwas verbergen<\/b><\/span><\/span><\/p>\n<p class=\"western\" align=\"center\"><span style=\"font-family: Arial,sans-serif;\"><b>Vortrag und Diskussion<\/b><\/span><\/p>\n<p class=\"western\" align=\"center\"><span style=\"font-family: Arial,sans-serif;\">US-amerikanische und deutsche Friedensorganisationen kooperieren im Widerstand gegen die Kriegspolitik ihrer Regierungen:<\/span><\/p>\n<p class=\"western\" align=\"justify\"><span style=\"font-family: Arial,sans-serif;\"><b>Roland Blach<\/b><\/span><span style=\"font-family: Arial,sans-serif;\">, Mediator und Landesgesch\u00e4ftsf\u00fchrer der DFG-VK Baden-W\u00fcrttemberg, arbeitet seit 1996 in verantwortlichen Positionen in Kampagnen zur Abschaffung von Atomwaffen. Er berichtet \u00fcber die deutsch-amerikanische milit\u00e4rische Zusammenarbeit, die deutschen Aufr\u00fcstungspl\u00e4ne und den Widerstand dagegen. <\/span><\/p>\n<p class=\"western\" align=\"justify\"><span style=\"font-family: Arial,sans-serif;\"><b>Toby Blom\u00e9<\/b><\/span><span style=\"font-family: Arial,sans-serif;\"> ist Lehrerin und Therapeutin im Ruhestand. Sie organisiert seit 2009 Mahnwachen vor US-Luftwaffenstandorten (Creech und Beale), \u00fcber welche die USA Drohnenangriffe auf Menschen in Afghanistan, Pakistan, Jemen, Somalia und anderen L\u00e4ndern durchf\u00fchren. Sie berichtet \u00fcber ihre Erfahrungen im Widerstand in den USA und ihre Treffen mit Angeh\u00f6rigen von Drohnenopfern in Pakistan.<\/span><\/p>\n<p class=\"western\" align=\"justify\"><span style=\"font-family: Arial,sans-serif;\"><b>Elsa Rassbach, <\/b><\/span><span style=\"font-family: Arial,sans-serif;\">US-B\u00fcrgerin mit deutschen Wurzeln,<\/span><b> <\/b><span style=\"font-family: Arial,sans-serif;\">protestierte als Studentin in Berlin gegen den Vietnamkrieg. Sie arbeitete zwanzig Jahre als TV-Filmproduzentin und Drehbuchautorin in Boston und New York. Seit dem Angriff der USA auf den Irak 2003 engagiert sie sich f\u00fcr die Friedensbewegung \u2013 u. a. bei CODEPINK und der DFG-VK. Sie geh\u00f6rt zu den Gr\u00fcnderInnen der \u201eDrohnenkampagne\u201c und arbeitet f\u00fcr die deutsch-amerikanische Vernetzung der Friedensgruppen. <\/span><\/p>\n<p class=\"western\" align=\"justify\"><span style=\"font-family: Arial,sans-serif;\"><b>Ann Wright<\/b><\/span><span style=\"font-family: Arial,sans-serif;\">, CODEPINK, diente 29 Jahre in der US-Armee, bzw. als Reservistin und war sechzehn Jahre im diplomatischen Dienst, darunter in Nicaragua, Somalia, Usbekistan, Sierra Leone und Afghanistan. Sie trat 2003 von ihren Funktionen unter Protest gegen den Irakkrieg zur\u00fcck. In gewaltfreien Aktionen wendet sie sich seitdem gegen die Kriege in Afghanistan und Irak, die einseitige Nahostpolitik der US-Regierung, den Drohnenkrieg, die Verurteilung von Whistleblowern und die globale Militarisierung. Sie ist Mitglied der Veteran Intelligence Professionals for Sanity und der Veterans for Peace.<\/span><\/p>\n<div class=\"\">\n<div class=\"\">Unsere Arbeit ist auf Ihre Unterst\u00fctzung angewiesen. Jede kleine und gro\u00dfe Spende hilft.<\/div>\n<div class=\"\"><b class=\"\">Spendenkonto<\/b><\/div>\n<div class=\"\">Inhaber: DFG-VK-Bildungswerk-NRW<\/div>\n<div class=\"\">IBAN: DE57440501990001045342<\/div>\n<div class=\"\">BIC: DORTDE33XXX<\/div>\n<div class=\"\"><b class=\"\">Stichwort: CODEPINK in Germany<\/b><\/div>\n<\/div>\n<div class=\"\"><\/div>\n<div class=\"\"><a href=\"http:\/\/www.friedenkoeln.de\/wp-content\/uploads\/2016\/03\/CODE-PINK-DFG-VK_K%C3%B6ln_20160407_Flyer_v2-2.pdf\">Flyer<\/a><\/div>\n<p class=\"western\"><span style=\"font-family: Arial,sans-serif;\"><span style=\"font-size: xx-small;\">\u00a0<\/span><\/span><\/p>\n","protected":false},"excerpt":{"rendered":"<p>US-amerikanische + deutsche FriedensaktivistInnen sprechen \u00fcber die US-Atombomben in B\u00fcchel\/Eifel, den US-Drohnenkrieg \u00fcber Ramstein\/Pfalz und die deutsche Killerdrohnenbeschaffung: Roland Blach, Deutsche Friedensgesellschaft \u2013 Vereinigte KriegsdienstgegnerInnen (DFG-VK) Toby Blom\u00e9, CODEPINK Elsa Rassbach, CODEPINK, DFG-VK Ann&#46;&#46;&#46;<\/p>\n","protected":false},"author":110,"featured_media":9167,"comment_status":"open","ping_status":"open","sticky":false,"template":"","format":"standard","meta":{"footnotes":""},"categories":[2],"tags":[33,32,39],"class_list":["post-9166","post","type-post","status-publish","format-standard","has-post-thumbnail","hentry","category-aktionen","tag-atomwaffen","tag-information-diskussion","tag-kampfdrohnen"],"_links":{"self":[{"href":"https:\/\/www.friedenkoeln.de\/index.php?rest_route=\/wp\/v2\/posts\/9166","targetHints":{"allow":["GET"]}}],"collection":[{"href":"https:\/\/www.friedenkoeln.de\/index.php?rest_route=\/wp\/v2\/posts"}],"about":[{"href":"https:\/\/www.friedenkoeln.de\/index.php?rest_route=\/wp\/v2\/types\/post"}],"author":[{"embeddable":true,"href":"https:\/\/www.friedenkoeln.de\/index.php?rest_route=\/wp\/v2\/users\/110"}],"replies":[{"embeddable":true,"href":"https:\/\/www.friedenkoeln.de\/index.php?rest_route=%2Fwp%2Fv2%2Fcomments&post=9166"}],"version-history":[{"count":6,"href":"https:\/\/www.friedenkoeln.de\/index.php?rest_route=\/wp\/v2\/posts\/9166\/revisions"}],"predecessor-version":[{"id":9230,"href":"https:\/\/www.friedenkoeln.de\/index.php?rest_route=\/wp\/v2\/posts\/9166\/revisions\/9230"}],"wp:featuredmedia":[{"embeddable":true,"href":"https:\/\/www.friedenkoeln.de\/index.php?rest_route=\/wp\/v2\/media\/9167"}],"wp:attachment":[{"href":"https:\/\/www.friedenkoeln.de\/index.php?rest_route=%2Fwp%2Fv2%2Fmedia&parent=9166"}],"wp:term":[{"taxonomy":"category","embeddable":true,"href":"https:\/\/www.friedenkoeln.de\/index.php?rest_route=%2Fwp%2Fv2%2Fcategories&post=9166"},{"taxonomy":"post_tag","embeddable":true,"href":"https:\/\/www.friedenkoeln.de\/index.php?rest_route=%2Fwp%2Fv2%2Ftags&post=9166"}],"curies":[{"name":"wp","href":"https:\/\/api.w.org\/{rel}","templated":true}]}}