{"id":9197,"date":"2016-03-27T13:22:32","date_gmt":"2016-03-27T11:22:32","guid":{"rendered":"http:\/\/www.friedenkoeln.de\/?p=9197"},"modified":"2016-03-29T15:47:28","modified_gmt":"2016-03-29T13:47:28","slug":"ostermarsch-auftakt-in-koeln","status":"publish","type":"post","link":"https:\/\/www.friedenkoeln.de\/?p=9197","title":{"rendered":"Ostermarsch-Auftakt in K\u00f6ln"},"content":{"rendered":"<p><a href=\"http:\/\/www.friedenkoeln.de\/wp-content\/uploads\/2016\/03\/Ostermarsch2016-Syrien.jpg\" data-id=\"9215\" data-rel=\"lightbox-image-0\" data-rl_title=\"\" data-rl_caption=\"\" title=\"\"><img loading=\"lazy\" decoding=\"async\" class=\"alignnone size-medium wp-image-9215\" src=\"http:\/\/www.friedenkoeln.de\/wp-content\/uploads\/2016\/03\/Ostermarsch2016-Syrien-320x190.jpg\" alt=\"Ostermarsch2016 Syrien\" width=\"320\" height=\"190\" \/><\/a><\/p>\n<h6>Foto: Klaus M\u00fcller<\/h6>\n<p>Bilder und Redetexte des Auftakts zum Ostermarsch Rheinland in K\u00f6ln am Ostersamstag 2016 sind auf r-mediabase zu sehen und zu h\u00f6ren unter<\/p>\n<p><a href=\"https:\/\/www.r-mediabase.eu\/index.php?view=category&amp;catid=758&amp;option=com_joomgallery&amp;Itemid=519&amp;page=1#category\">https:\/\/www.r-mediabase.eu\/index.php?view=category&amp;catid=758&amp;option=com_joomgallery&amp;Itemid=519&amp;page=1#category<\/a><\/p>\n<p><a href=\"http:\/\/www.friedenkoeln.de\/wp-content\/uploads\/2016\/03\/Ostermarsch-2016-Dom1.jpg\" data-id=\"9199\" data-rel=\"lightbox-image-1\" data-rl_title=\"\" data-rl_caption=\"\" title=\"\"><img loading=\"lazy\" decoding=\"async\" class=\"alignnone size-medium wp-image-9199\" src=\"http:\/\/www.friedenkoeln.de\/wp-content\/uploads\/2016\/03\/Ostermarsch-2016-Dom1-320x190.jpg\" alt=\"Ostermarsch 2016 Dom1\" width=\"320\" height=\"190\" \/><\/a><\/p>\n<h6>Foto: Herbert Sauerwein<\/h6>\n<p><a href=\"http:\/\/www.friedenkoeln.de\/wp-content\/uploads\/2016\/03\/Ostermarsch-2016-Friedensforum.jpg\" data-id=\"9217\" data-rel=\"lightbox-image-2\" data-rl_title=\"\" data-rl_caption=\"\" title=\"\"><img loading=\"lazy\" decoding=\"async\" class=\"alignnone size-medium wp-image-9217 alignright\" src=\"http:\/\/www.friedenkoeln.de\/wp-content\/uploads\/2016\/03\/Ostermarsch-2016-Friedensforum-320x190.jpg\" alt=\"Ostermarsch 2016 Friedensforum\" width=\"320\" height=\"190\" \/><\/a><\/p>\n<h6 style=\"text-align: right;\"><\/h6>\n<h6 style=\"text-align: right;\"><\/h6>\n<h6 style=\"text-align: right;\"><\/h6>\n<h6 style=\"text-align: right;\"><\/h6>\n<h6 style=\"text-align: right;\"><\/h6>\n<h6 style=\"text-align: right;\">Foto Klaus M\u00fcller<\/h6>\n","protected":false},"excerpt":{"rendered":"<p>Foto: Klaus M\u00fcller Bilder und Redetexte des Auftakts zum Ostermarsch Rheinland in K\u00f6ln am Ostersamstag 2016 sind auf r-mediabase zu sehen und zu h\u00f6ren unter https:\/\/www.r-mediabase.eu\/index.php?view=category&amp;catid=758&amp;option=com_joomgallery&amp;Itemid=519&amp;page=1#category Foto: Herbert Sauerwein Foto Klaus M\u00fcller<\/p>\n","protected":false},"author":110,"featured_media":9199,"comment_status":"open","ping_status":"open","sticky":false,"template":"","format":"standard","meta":{"footnotes":""},"categories":[2],"tags":[42,33,44,39,37,29],"class_list":["post-9197","post","type-post","status-publish","format-standard","has-post-thumbnail","hentry","category-aktionen","tag-abruestung","tag-atomwaffen","tag-drohnen","tag-kampfdrohnen","tag-ruestungsexporte","tag-solidaritat"],"_links":{"self":[{"href":"https:\/\/www.friedenkoeln.de\/index.php?rest_route=\/wp\/v2\/posts\/9197","targetHints":{"allow":["GET"]}}],"collection":[{"href":"https:\/\/www.friedenkoeln.de\/index.php?rest_route=\/wp\/v2\/posts"}],"about":[{"href":"https:\/\/www.friedenkoeln.de\/index.php?rest_route=\/wp\/v2\/types\/post"}],"author":[{"embeddable":true,"href":"https:\/\/www.friedenkoeln.de\/index.php?rest_route=\/wp\/v2\/users\/110"}],"replies":[{"embeddable":true,"href":"https:\/\/www.friedenkoeln.de\/index.php?rest_route=%2Fwp%2Fv2%2Fcomments&post=9197"}],"version-history":[{"count":5,"href":"https:\/\/www.friedenkoeln.de\/index.php?rest_route=\/wp\/v2\/posts\/9197\/revisions"}],"predecessor-version":[{"id":9218,"href":"https:\/\/www.friedenkoeln.de\/index.php?rest_route=\/wp\/v2\/posts\/9197\/revisions\/9218"}],"wp:featuredmedia":[{"embeddable":true,"href":"https:\/\/www.friedenkoeln.de\/index.php?rest_route=\/wp\/v2\/media\/9199"}],"wp:attachment":[{"href":"https:\/\/www.friedenkoeln.de\/index.php?rest_route=%2Fwp%2Fv2%2Fmedia&parent=9197"}],"wp:term":[{"taxonomy":"category","embeddable":true,"href":"https:\/\/www.friedenkoeln.de\/index.php?rest_route=%2Fwp%2Fv2%2Fcategories&post=9197"},{"taxonomy":"post_tag","embeddable":true,"href":"https:\/\/www.friedenkoeln.de\/index.php?rest_route=%2Fwp%2Fv2%2Ftags&post=9197"}],"curies":[{"name":"wp","href":"https:\/\/api.w.org\/{rel}","templated":true}]}}