{"id":9202,"date":"2016-03-29T01:09:37","date_gmt":"2016-03-28T23:09:37","guid":{"rendered":"http:\/\/www.friedenkoeln.de\/?p=9202"},"modified":"2016-04-01T11:41:14","modified_gmt":"2016-04-01T09:41:14","slug":"ostermarsch-2016-in-buechel-und-abschluss-des-ostermarsch-rhein-ruhr","status":"publish","type":"post","link":"https:\/\/www.friedenkoeln.de\/?p=9202","title":{"rendered":"Ostermarsch 2016 in B\u00fcchel und Abschlu\u00df des Ostermarsch Rhein-Ruhr"},"content":{"rendered":"<p><a href=\"http:\/\/www.friedenkoeln.de\/wp-content\/uploads\/2016\/03\/Ostermarsch-2016-Krieg-hier.jpeg\" data-id=\"9220\" data-rel=\"lightbox-image-0\" data-rl_title=\"\" data-rl_caption=\"\" title=\"\"><img loading=\"lazy\" decoding=\"async\" class=\"alignnone size-medium wp-image-9220\" src=\"http:\/\/www.friedenkoeln.de\/wp-content\/uploads\/2016\/03\/Ostermarsch-2016-Krieg-hier-320x190.jpeg\" alt=\"Ostermarsch 2016 Krieg hier\" width=\"320\" height=\"190\" \/><\/a><\/p>\n<h6>Foto: Herbert Sauerwein<\/h6>\n<p>Trotz Sturm und Regen lie\u00dfen sich 120 Demonstranten auch in diesem Jahr nicht abhalten, am Ostermontag in B\u00fcchel zu demonstrieren. In seinem Redebeitrag zur Abschlu\u00dfkundgebung legte Andreas Zumach dar, dass es nur eine Erkl\u00e4rung f\u00fcr das Festhalten der Bundesregierung an der von 85 % der Deutschen abgelehnten nuklearen Teilhabe der Deutschen Bundeswehr gibt:<\/p>\n<p><strong>Regierungskreise wollen sich die Option einer bundesdeutschen Atomwaffe oder einer europ\u00e4ischen Nuklearstreitmacht offen halten.<\/strong><\/p>\n<p>Hier ein Fernseh-Video:<\/p>\n<p><a href=\"http:\/\/www.swr.de\/landesschau-aktuell\/rp\/ostermarsch-in-buechel-kampagne-gegen-atomwaffen\/-\/id=1682\/did=17181216\/nid=1682\/542f36\/index.html\">http:\/\/www.swr.de\/landesschau-aktuell\/rp\/ostermarsch-in-buechel-kampagne-gegen-atomwaffen\/-\/id=1682\/did=17181216\/nid=1682\/542f36\/index.html<\/a><\/p>\n<p>Weitere Bilder und Texte:<a href=\"http:\/\/buechel-atombombenfrei.jimdo.com\/kalender\/ostermarsch-b%C3%BCchel\/\"> http:\/\/buechel-atombombenfrei.jimdo.com\/kalender\/ostermarsch-b%C3%BCchel\/<\/a><\/p>\n<p><a href=\"http:\/\/www.friedenkoeln.de\/wp-content\/uploads\/2016\/03\/Ostermarsch-B\u00fcchel-2016.jpeg\" data-id=\"9221\" data-rel=\"lightbox-image-1\" data-rl_title=\"\" data-rl_caption=\"\" title=\"\"><img loading=\"lazy\" decoding=\"async\" class=\"alignnone size-medium wp-image-9221\" src=\"http:\/\/www.friedenkoeln.de\/wp-content\/uploads\/2016\/03\/Ostermarsch-B\u00fcchel-2016-320x190.jpeg\" alt=\"Ostermarsch B\u00fcchel 2016\" width=\"320\" height=\"190\" \/><\/a><\/p>\n<h6>Foto: Herbert Sauerwein<\/h6>\n<p>Die abschlie\u00dfende Presseerkl\u00e4rung \u00fcber die bundesweiten Osterm\u00e4rsche und die Rede von Alexander Neu am Ostersamstag in D\u00fcsseldorf finden sich unter<\/p>\n<p><a href=\"http:\/\/nrw.dfg-vk.de\/themen\/Ostermarsch_RR.html\">http:\/\/nrw.dfg-vk.de\/themen\/Ostermarsch_RR.html<\/a><\/p>\n","protected":false},"excerpt":{"rendered":"<p>Foto: Herbert Sauerwein Trotz Sturm und Regen lie\u00dfen sich 120 Demonstranten auch in diesem Jahr nicht abhalten, am Ostermontag in B\u00fcchel zu demonstrieren. In seinem Redebeitrag zur Abschlu\u00dfkundgebung legte Andreas Zumach dar, dass es&#46;&#46;&#46;<\/p>\n","protected":false},"author":110,"featured_media":9220,"comment_status":"open","ping_status":"open","sticky":false,"template":"","format":"standard","meta":{"footnotes":""},"categories":[2],"tags":[42,33,44,28,47],"class_list":["post-9202","post","type-post","status-publish","format-standard","has-post-thumbnail","hentry","category-aktionen","tag-abruestung","tag-atomwaffen","tag-drohnen","tag-fluchtlingen","tag-krieg-gegen-terror"],"_links":{"self":[{"href":"https:\/\/www.friedenkoeln.de\/index.php?rest_route=\/wp\/v2\/posts\/9202","targetHints":{"allow":["GET"]}}],"collection":[{"href":"https:\/\/www.friedenkoeln.de\/index.php?rest_route=\/wp\/v2\/posts"}],"about":[{"href":"https:\/\/www.friedenkoeln.de\/index.php?rest_route=\/wp\/v2\/types\/post"}],"author":[{"embeddable":true,"href":"https:\/\/www.friedenkoeln.de\/index.php?rest_route=\/wp\/v2\/users\/110"}],"replies":[{"embeddable":true,"href":"https:\/\/www.friedenkoeln.de\/index.php?rest_route=%2Fwp%2Fv2%2Fcomments&post=9202"}],"version-history":[{"count":4,"href":"https:\/\/www.friedenkoeln.de\/index.php?rest_route=\/wp\/v2\/posts\/9202\/revisions"}],"predecessor-version":[{"id":9234,"href":"https:\/\/www.friedenkoeln.de\/index.php?rest_route=\/wp\/v2\/posts\/9202\/revisions\/9234"}],"wp:featuredmedia":[{"embeddable":true,"href":"https:\/\/www.friedenkoeln.de\/index.php?rest_route=\/wp\/v2\/media\/9220"}],"wp:attachment":[{"href":"https:\/\/www.friedenkoeln.de\/index.php?rest_route=%2Fwp%2Fv2%2Fmedia&parent=9202"}],"wp:term":[{"taxonomy":"category","embeddable":true,"href":"https:\/\/www.friedenkoeln.de\/index.php?rest_route=%2Fwp%2Fv2%2Fcategories&post=9202"},{"taxonomy":"post_tag","embeddable":true,"href":"https:\/\/www.friedenkoeln.de\/index.php?rest_route=%2Fwp%2Fv2%2Ftags&post=9202"}],"curies":[{"name":"wp","href":"https:\/\/api.w.org\/{rel}","templated":true}]}}