{"id":9212,"date":"2016-03-29T15:29:51","date_gmt":"2016-03-29T13:29:51","guid":{"rendered":"http:\/\/www.friedenkoeln.de\/?p=9212"},"modified":"2016-03-29T15:29:51","modified_gmt":"2016-03-29T13:29:51","slug":"20-wochen-aktions-praesenz-in-buechel","status":"publish","type":"post","link":"https:\/\/www.friedenkoeln.de\/?p=9212","title":{"rendered":"20 Wochen Aktions-Pr\u00e4senz in B\u00fcchel"},"content":{"rendered":"<p><a href=\"http:\/\/www.friedenkoeln.de\/wp-content\/uploads\/2015\/03\/B\u00fcchel2015.jpg\" data-id=\"8206\" data-rel=\"lightbox-image-0\" data-rl_title=\"\" data-rl_caption=\"\" title=\"\"><img loading=\"lazy\" decoding=\"async\" class=\"alignnone size-full wp-image-8206\" src=\"http:\/\/www.friedenkoeln.de\/wp-content\/uploads\/2015\/03\/B\u00fcchel2015.jpg\" alt=\"B\u00fcchel2015\" width=\"300\" height=\"172\" \/><\/a><\/p>\n<p>Am 26. 3. 2016 startete eine 20-w\u00f6chige Aktions-Pr\u00e4senz in B\u00fcchel, eine Woche f\u00fcr jede der 20 gesch\u00e4tzten Atombomben in B\u00fcchel. Der Beginn der Aktion wurde genau 6 Jahre nach dem Bundestagsbeschlu\u00df datiert, der die Bundesregierung seinerzeit aufforderte, auf den Abzug aller Atomwaffen aus Deutschland hinzuwirken.<\/p>\n<p>Es werden noch Gruppen gesucht, die eine Woche \u00fcbernehmen. Innerhalb dieser Woche sollte mindestens 1 Tag in B\u00fcchel stattfinden; au\u00dferdem Aktionen am Heimatort.<\/p>\n<p>N\u00e4here Infos: <a href=\"http:\/\/buechel-atombombenfrei.jimdo.com\/\">http:\/\/buechel-atombombenfrei.jimdo.com\/<\/a><\/p>\n","protected":false},"excerpt":{"rendered":"<p>Am 26. 3. 2016 startete eine 20-w\u00f6chige Aktions-Pr\u00e4senz in B\u00fcchel, eine Woche f\u00fcr jede der 20 gesch\u00e4tzten Atombomben in B\u00fcchel. Der Beginn der Aktion wurde genau 6 Jahre nach dem Bundestagsbeschlu\u00df datiert, der die&#46;&#46;&#46;<\/p>\n","protected":false},"author":110,"featured_media":9214,"comment_status":"open","ping_status":"open","sticky":false,"template":"","format":"standard","meta":{"footnotes":""},"categories":[2],"tags":[42,33],"class_list":["post-9212","post","type-post","status-publish","format-standard","has-post-thumbnail","hentry","category-aktionen","tag-abruestung","tag-atomwaffen"],"_links":{"self":[{"href":"https:\/\/www.friedenkoeln.de\/index.php?rest_route=\/wp\/v2\/posts\/9212","targetHints":{"allow":["GET"]}}],"collection":[{"href":"https:\/\/www.friedenkoeln.de\/index.php?rest_route=\/wp\/v2\/posts"}],"about":[{"href":"https:\/\/www.friedenkoeln.de\/index.php?rest_route=\/wp\/v2\/types\/post"}],"author":[{"embeddable":true,"href":"https:\/\/www.friedenkoeln.de\/index.php?rest_route=\/wp\/v2\/users\/110"}],"replies":[{"embeddable":true,"href":"https:\/\/www.friedenkoeln.de\/index.php?rest_route=%2Fwp%2Fv2%2Fcomments&post=9212"}],"version-history":[{"count":1,"href":"https:\/\/www.friedenkoeln.de\/index.php?rest_route=\/wp\/v2\/posts\/9212\/revisions"}],"predecessor-version":[{"id":9213,"href":"https:\/\/www.friedenkoeln.de\/index.php?rest_route=\/wp\/v2\/posts\/9212\/revisions\/9213"}],"wp:featuredmedia":[{"embeddable":true,"href":"https:\/\/www.friedenkoeln.de\/index.php?rest_route=\/wp\/v2\/media\/9214"}],"wp:attachment":[{"href":"https:\/\/www.friedenkoeln.de\/index.php?rest_route=%2Fwp%2Fv2%2Fmedia&parent=9212"}],"wp:term":[{"taxonomy":"category","embeddable":true,"href":"https:\/\/www.friedenkoeln.de\/index.php?rest_route=%2Fwp%2Fv2%2Fcategories&post=9212"},{"taxonomy":"post_tag","embeddable":true,"href":"https:\/\/www.friedenkoeln.de\/index.php?rest_route=%2Fwp%2Fv2%2Ftags&post=9212"}],"curies":[{"name":"wp","href":"https:\/\/api.w.org\/{rel}","templated":true}]}}