{"id":9228,"date":"2016-04-01T10:54:03","date_gmt":"2016-04-01T08:54:03","guid":{"rendered":"http:\/\/www.friedenkoeln.de\/?p=9228"},"modified":"2016-04-01T10:54:03","modified_gmt":"2016-04-01T08:54:03","slug":"atomtransporte-vor-deiner-haustuer","status":"publish","type":"post","link":"https:\/\/www.friedenkoeln.de\/?p=9228","title":{"rendered":"Atomtransporte vor Deiner Haust\u00fcr !"},"content":{"rendered":"<div class=\"moz-text-plain\" lang=\"x-unicode\">\n<h4>Infoveranstaltung am Samstag, den 2. 4. 2016, 19.00 Uhr im Naturfreundehaus K\u00f6ln-Kalk, Kapellenstr. 9 a<\/h4>\n<p>Trotz des von der Bundesregierung beschlossenen \u201eAtomausstiegs\u201c rollen weiterhin unz\u00e4hlige Atomtransporte durch die Bundesrepublik, denn nicht nur im Ausland, auch in Deutschland laufen immer noch acht Atomkraftwerke. Die Castor-Transporte nach Gorleben waren dabei nur die Spitze des Eisbergs. Fast t\u00e4glich fahren Atomtransporte durch das Land \u2013 die meisten unter Ausschluss der \u00d6ffentlichkeit. Transportiert werden u.a. radioaktive Stoffe wie Uranerzkonzentrat vom Hamburger Hafen \u00fcber Hamburg- Maschen, Bremen, Osnabr\u00fcck, M\u00fcnster, K\u00f6ln-Bonn, Trier nach S\u00fcdfrankreich, wo es in mehrere Schritten zu Uranhexafluorid verarbeitet wird und in Spezialfabriken zu Brennelementen f\u00fcr Atomkraftwerke weiterverarbeitet wird. Das Anti_Atom Plenum K\u00f6ln ruft f\u00fcr den ersten Transport mit Uranerzkonzentrat, der ab dem 11.3.2016 im Hamburger Hafen ankommt zu Streckenaktionen Mahnwachen und Beobachtung auf. !! Gerd Schinkel macht Musik !! Weitere Infos: <a class=\"moz-txt-link-freetext\" href=\"http:\/\/www.urantransport.de\/uran.html\">http:\/\/www.urantransport.de\/uran.html<\/a> <a class=\"moz-txt-link-freetext\" href=\"http:\/\/www.atomtransporte-hamburg-stoppen.de\">http:\/\/www.atomtransporte-hamburg-stoppen.de<\/a> <a class=\"moz-txt-link-freetext\" href=\"http:\/\/robinwood.de\/Atomtransporte\">http:\/\/robinwood.de\/Atomtransporte<\/a> <a class=\"moz-txt-link-freetext\" href=\"http:\/\/antiatomplenum.blogsport.de\">http:\/\/antiatomplenum.blogsport.de<\/a> AAPK Anti_Atom_Plenum K\u00f6ln Graswurzelwerkstatt c\/o Gesundheitsladen Venloer Str.46 \/ 50672 K\u00f6ln Presse: 0221-30.28.43.70 <a class=\"moz-txt-link-abbreviated\" href=\"http:\/\/www.antiatomplenum.blogsport.de\">www.antiatomplenum.blogsport.de<\/a> <a class=\"moz-txt-link-abbreviated\" href=\"http:\/\/www.antiatomkoeln.de\">www.antiatomkoeln.de<\/a><\/p>\n<\/div>\n","protected":false},"excerpt":{"rendered":"<p>Infoveranstaltung am Samstag, den 2. 4. 2016, 19.00 Uhr im Naturfreundehaus K\u00f6ln-Kalk, Kapellenstr. 9 a Trotz des von der Bundesregierung beschlossenen \u201eAtomausstiegs\u201c rollen weiterhin unz\u00e4hlige Atomtransporte durch die Bundesrepublik, denn nicht nur im Ausland,&#46;&#46;&#46;<\/p>\n","protected":false},"author":110,"featured_media":0,"comment_status":"open","ping_status":"open","sticky":false,"template":"","format":"standard","meta":{"footnotes":""},"categories":[2],"tags":[32,36],"class_list":["post-9228","post","type-post","status-publish","format-standard","hentry","category-aktionen","tag-information-diskussion","tag-oekologie-und-frieden"],"_links":{"self":[{"href":"https:\/\/www.friedenkoeln.de\/index.php?rest_route=\/wp\/v2\/posts\/9228","targetHints":{"allow":["GET"]}}],"collection":[{"href":"https:\/\/www.friedenkoeln.de\/index.php?rest_route=\/wp\/v2\/posts"}],"about":[{"href":"https:\/\/www.friedenkoeln.de\/index.php?rest_route=\/wp\/v2\/types\/post"}],"author":[{"embeddable":true,"href":"https:\/\/www.friedenkoeln.de\/index.php?rest_route=\/wp\/v2\/users\/110"}],"replies":[{"embeddable":true,"href":"https:\/\/www.friedenkoeln.de\/index.php?rest_route=%2Fwp%2Fv2%2Fcomments&post=9228"}],"version-history":[{"count":1,"href":"https:\/\/www.friedenkoeln.de\/index.php?rest_route=\/wp\/v2\/posts\/9228\/revisions"}],"predecessor-version":[{"id":9229,"href":"https:\/\/www.friedenkoeln.de\/index.php?rest_route=\/wp\/v2\/posts\/9228\/revisions\/9229"}],"wp:attachment":[{"href":"https:\/\/www.friedenkoeln.de\/index.php?rest_route=%2Fwp%2Fv2%2Fmedia&parent=9228"}],"wp:term":[{"taxonomy":"category","embeddable":true,"href":"https:\/\/www.friedenkoeln.de\/index.php?rest_route=%2Fwp%2Fv2%2Fcategories&post=9228"},{"taxonomy":"post_tag","embeddable":true,"href":"https:\/\/www.friedenkoeln.de\/index.php?rest_route=%2Fwp%2Fv2%2Ftags&post=9228"}],"curies":[{"name":"wp","href":"https:\/\/api.w.org\/{rel}","templated":true}]}}