{"id":9248,"date":"2016-04-02T22:19:47","date_gmt":"2016-04-02T20:19:47","guid":{"rendered":"http:\/\/www.friedenkoeln.de\/?p=9248"},"modified":"2016-04-02T22:44:24","modified_gmt":"2016-04-02T20:44:24","slug":"friedensaktivistinnen-aus-den-usa-sprechen-in-koeln-ueber-drohnenkrieg","status":"publish","type":"post","link":"https:\/\/www.friedenkoeln.de\/?p=9248","title":{"rendered":"Friedensaktivistinnen aus den USA sprechen in K\u00f6ln \u00fcber Drohnenkrieg"},"content":{"rendered":"<p>Am Donnerstag, den 7. April 2016 ab 19:30 Uhr werden die Friedensaktivistinnen Ann Wright, Toby Blom\u00e9 und Elsa Rassbach von CODEPINK (USA) sowie Roland Blach von der DFG-VK Baden-W\u00fcrttemberg im B\u00fcrgerzentrum K\u00f6ln-Ehrenfeld der Frage \u201eUS-Krieg \u201eMade in Germany\u201c?\u201c nachgehen.<\/p>\n<p>Die Themen kreisen um die milit\u00e4rische Kooperation der Regierungen der USA und der BRD:\u00a0die nukleare Aufr\u00fcstung (US-Atombomben in B\u00fcchel \/ Eifel), den\u00a0US-Drohnenkrieg (Ramstein \/ Rheinland-Pfalz), sowie\u00a0den kurzfristig geplanten Kauf von Kampfdrohnen durch die Bundesregierung.<\/p>\n<p>Au\u00dferdem wird \u00fcber\u00a0den gewaltfreien Widerstand, den Friedensgruppen in den USA und in Deutschland dagegen leisten, berichtet.<\/p>\n<p>Gemeinsam mit weiteren K\u00f6lner Gruppen freuen wir uns auf unsere G\u00e4ste und laden zur Teilnahme ein!<\/p>\n<p>Presseartikel:\u00a0<a href=\"http:\/\/www.friedenkoeln.de\/wp-content\/uploads\/2016\/04\/PM_Atombomben-und-Drohnenkrieg_20160402_final.pdf\">PM_Atombomben und Drohnenkrieg_20160402_final<\/a><\/p>\n<p>Flyer: <a href=\"http:\/\/www.friedenkoeln.de\/wp-content\/uploads\/2016\/04\/CODE-PINK-DFG-VK_K\u00f6ln_20160407_Flyer_v2-51.pdf\">http:\/\/www.friedenkoeln.de\/wp-content\/uploads\/2016\/04\/CODE-PINK-DFG-VK_K\u00f6ln_20160407_Flyer_v2-51.pdf<\/a><\/p>\n","protected":false},"excerpt":{"rendered":"<p>Am Donnerstag, den 7. April 2016 ab 19:30 Uhr werden die Friedensaktivistinnen Ann Wright, Toby Blom\u00e9 und Elsa Rassbach von CODEPINK (USA) sowie Roland Blach von der DFG-VK Baden-W\u00fcrttemberg im B\u00fcrgerzentrum K\u00f6ln-Ehrenfeld der Frage&#46;&#46;&#46;<\/p>\n","protected":false},"author":110,"featured_media":0,"comment_status":"open","ping_status":"open","sticky":false,"template":"","format":"standard","meta":{"footnotes":""},"categories":[2],"tags":[33,44,32,39,47,3],"class_list":["post-9248","post","type-post","status-publish","format-standard","hentry","category-aktionen","tag-atomwaffen","tag-drohnen","tag-information-diskussion","tag-kampfdrohnen","tag-krieg-gegen-terror","tag-pazifismus"],"_links":{"self":[{"href":"https:\/\/www.friedenkoeln.de\/index.php?rest_route=\/wp\/v2\/posts\/9248","targetHints":{"allow":["GET"]}}],"collection":[{"href":"https:\/\/www.friedenkoeln.de\/index.php?rest_route=\/wp\/v2\/posts"}],"about":[{"href":"https:\/\/www.friedenkoeln.de\/index.php?rest_route=\/wp\/v2\/types\/post"}],"author":[{"embeddable":true,"href":"https:\/\/www.friedenkoeln.de\/index.php?rest_route=\/wp\/v2\/users\/110"}],"replies":[{"embeddable":true,"href":"https:\/\/www.friedenkoeln.de\/index.php?rest_route=%2Fwp%2Fv2%2Fcomments&post=9248"}],"version-history":[{"count":3,"href":"https:\/\/www.friedenkoeln.de\/index.php?rest_route=\/wp\/v2\/posts\/9248\/revisions"}],"predecessor-version":[{"id":9251,"href":"https:\/\/www.friedenkoeln.de\/index.php?rest_route=\/wp\/v2\/posts\/9248\/revisions\/9251"}],"wp:attachment":[{"href":"https:\/\/www.friedenkoeln.de\/index.php?rest_route=%2Fwp%2Fv2%2Fmedia&parent=9248"}],"wp:term":[{"taxonomy":"category","embeddable":true,"href":"https:\/\/www.friedenkoeln.de\/index.php?rest_route=%2Fwp%2Fv2%2Fcategories&post=9248"},{"taxonomy":"post_tag","embeddable":true,"href":"https:\/\/www.friedenkoeln.de\/index.php?rest_route=%2Fwp%2Fv2%2Ftags&post=9248"}],"curies":[{"name":"wp","href":"https:\/\/api.w.org\/{rel}","templated":true}]}}