{"id":9267,"date":"2016-04-09T11:46:57","date_gmt":"2016-04-09T09:46:57","guid":{"rendered":"http:\/\/www.friedenkoeln.de\/?p=9267"},"modified":"2018-04-28T08:33:11","modified_gmt":"2018-04-28T06:33:11","slug":"codepink-usa-spricht-mit-koelner-buergermeisterin-und-bundestagsabgeordneten","status":"publish","type":"post","link":"https:\/\/www.friedenkoeln.de\/?p=9267","title":{"rendered":"CODEPINK (USA) spricht mit K\u00f6lner B\u00fcrgermeisterin und Bundestagsabgeordneten"},"content":{"rendered":"<div id=\"attachment_9268\" style=\"width: 365px\" class=\"wp-caption alignright\"><a href=\"http:\/\/www.friedenkoeln.de\/wp-content\/uploads\/2016\/04\/P4080005.jpg\" data-id=\"9268\" data-rel=\"lightbox-image-0\" data-rl_title=\"\" data-rl_caption=\"\" title=\"\"><img loading=\"lazy\" decoding=\"async\" aria-describedby=\"caption-attachment-9268\" class=\" wp-image-9268\" src=\"http:\/\/www.friedenkoeln.de\/wp-content\/uploads\/2016\/04\/P4080005-150x150.jpg\" alt=\"Martha Hubert, Elsa Rassbach, Toby Blom\u00e9, Ann Wright (v. l.). Foto: Judith Hasselmann\" width=\"355\" height=\"355\" srcset=\"https:\/\/www.friedenkoeln.de\/wp-content\/uploads\/2016\/04\/P4080005-150x150.jpg 150w, https:\/\/www.friedenkoeln.de\/wp-content\/uploads\/2016\/04\/P4080005-65x65.jpg 65w\" sizes=\"auto, (max-width: 355px) 100vw, 355px\" \/><\/a><p id=\"caption-attachment-9268\" class=\"wp-caption-text\">Martha Hubert, Elsa Rassbach, Toby Blom\u00e9, Ann Wright (v. l.). Foto: Judith Hasselmann<\/p><\/div>\n<p>(si) Am 8. April 2016 lie\u00dfen sich die erste stellvertretende Oberb\u00fcrgermeisterin der Stadt K\u00f6ln, Elfi Scho-Antwerpes (SPD), und die K\u00f6lner Bundestagsabgeordneten Matthias Birkwald (Die Linke) und Katharina Dr\u00f6ge (B\u00fcndnis 90\/Die Gr\u00fcnen) im Friedensbildungswerk K\u00f6ln von vier CODEPINK-Aktivistinnen\u00a0\u00fcber den US-Drohnenkrieg und die Beteiligung Deutschlands daran informieren. Frau Scho-Antwerpes ist seit Oktober 2015 Mitglied des Deutschen Bundestages.\u00a0<!--more--><\/p>\n<p>Den Fragen der Politikerinnen und Politiker stellten sich Martha Hubert, Elsa Rassbach, Toby Blom\u00e9 und Ann Wright. Unsere US-amerikanischen G\u00e4ste berichteten eindringlich \u00fcber die innenpolitischen R\u00fcckwirkungen des rechtswidrigen Drohnenkriegs in den USA:\u00a0die \u00dcberwachung der eigenen B\u00fcrger, die Militarisierung der Polizei und Grenzschutzbeh\u00f6rden und die Erosion der B\u00fcrgerrechte. Zur Rolle Pr\u00e4sident Obamas, der vor\u00a0der &#8222;gezielten T\u00f6tung&#8220; von Personen durch Drohnen offenbar &#8222;Todeslisten&#8220; abzeichnet, sagte Elsa Rassbach: &#8222;Der Pr\u00e4sident ist Gesetzgeber, Staatsanwalt, Richter und Henker in einer Person.&#8220; Sie verlangte, Deutschland solle f\u00fcr die Schlie\u00dfung der Satellitenrelaisstation der US Airbase Ramstein und damit die einstweilige Unterbindung des US-Drohnenkriegs sorgen.<\/p>\n<p>Martha Hubert und Toby Blom\u00e9 berichteten \u00fcber gewaltfreie Aktionen zivilen Ungehorsams, die CODEPINK beispielsweise vor der US Airbase Creech in Nevada durchf\u00fchrt, um die dort t\u00e4tigen Soldaten und &#8222;Drohnenpiloten&#8220; auf ihr Recht und ihre Pflicht zur Dienstverweigerung aufmerksam zu machen.<\/p>\n<div id=\"attachment_9276\" style=\"width: 411px\" class=\"wp-caption alignleft\"><a href=\"http:\/\/www.friedenkoeln.de\/wp-content\/uploads\/2016\/04\/P4080001.jpg\" data-id=\"9276\" data-rel=\"lightbox-image-1\" data-rl_title=\"\" data-rl_caption=\"\" title=\"\"><img loading=\"lazy\" decoding=\"async\" aria-describedby=\"caption-attachment-9276\" class=\"wp-image-9276 \" src=\"http:\/\/www.friedenkoeln.de\/wp-content\/uploads\/2016\/04\/P4080001-320x190.jpg\" alt=\"Wolfgang Lindweiler, Matthias Birkwald, Katharina Dr\u00f6ge, Martha Hubert, Elsa Rassbach, Toby Blom\u00e9 (v. l.). Foto: Judith Hasselmann\" width=\"401\" height=\"238\" \/><\/a><p id=\"caption-attachment-9276\" class=\"wp-caption-text\">Wolfgang Lindweiler, Matthias Birkwald, Katharina Dr\u00f6ge, Martha Hubert, Elsa Rassbach, Toby Blom\u00e9 (v. l.). Foto: Judith Hasselmann<\/p><\/div>\n<p>Die ehemalige hochrangige Diplomatin und Offizierin der US-Armee Ann Wright wies auf ein anderes wichtiges Thema hin: Nordkorea. Sie berichtete, derzeit werde\u00a0das weltweit gr\u00f6\u00dfte Milit\u00e4rman\u00f6ver der USA mit insgesamt 300.000 Soldaten an den nordkoreanischen Grenzen durchgef\u00fchrt. Nordkorea k\u00f6nne schwer einsch\u00e4tzen, ob es sich nur um ein Man\u00f6ver oder die Vorbereitung einer Invasion handele und reagiere aggressiv mit\u00a0atomaren Drohgeb\u00e4rden. Die USA solle eine Entspannungspolitik einleiten und dazu als erste Geste die regelm\u00e4\u00dfigen Man\u00f6ver unterbrechen. Wright berichtete \u00fcber ihre Teilnahme an der \u00dcberquerung der entmilitarisierten Zone zwischen S\u00fcd- und\u00a0<a href=\"http:\/\/www.veteransforpeace.org\/pressroom\/news\/2015\/05\/25\/30-women-activists-cross-demilitarized-zone-dmz-korea\">Nordkorea<\/a>\u00a0durch eine Gruppe von Frauen, welche die Aufnahme von Friedensverhandlungen zwischen den beiden Staaten verlangten.<\/p>\n<p>Obwohl die Au\u00dfenpolitik bei\u00a0keinem der\u00a0anwesenden Politiker zum Arbeitsschwerpunkt geh\u00f6rt, nahmen sich die Abgeordneten viel\u00a0Zeit zu der Begegnung und stellen interessierte Fragen. Die Vertreter der deutschen Friedensgruppen &#8211; Peter Heim (Pax Christi Gruppe K\u00f6ln) und Stefanie Intveen (DFG-VK Gruppe K\u00f6ln) &#8211; bedankten sich f\u00fcr das Engagement der deutschen und US-amerikanischen G\u00e4ste.<\/p>\n","protected":false},"excerpt":{"rendered":"<p>(si) Am 8. April 2016 lie\u00dfen sich die erste stellvertretende Oberb\u00fcrgermeisterin der Stadt K\u00f6ln, Elfi Scho-Antwerpes (SPD), und die K\u00f6lner Bundestagsabgeordneten Matthias Birkwald (Die Linke) und Katharina Dr\u00f6ge (B\u00fcndnis 90\/Die Gr\u00fcnen) im Friedensbildungswerk K\u00f6ln&#46;&#46;&#46;<\/p>\n","protected":false},"author":110,"featured_media":9268,"comment_status":"open","ping_status":"open","sticky":false,"template":"","format":"standard","meta":{"footnotes":""},"categories":[],"tags":[42,33,49,40,44,39,47,7,3,4],"class_list":["post-9267","post","type-post","status-publish","format-standard","has-post-thumbnail","hentry","tag-abruestung","tag-atomwaffen","tag-bundestag","tag-demokratie","tag-drohnen","tag-kampfdrohnen","tag-krieg-gegen-terror","tag-kriegsdienstverweigerung-wehrpflicht","tag-pazifismus","tag-zivile-konfliktloesung"],"_links":{"self":[{"href":"https:\/\/www.friedenkoeln.de\/index.php?rest_route=\/wp\/v2\/posts\/9267","targetHints":{"allow":["GET"]}}],"collection":[{"href":"https:\/\/www.friedenkoeln.de\/index.php?rest_route=\/wp\/v2\/posts"}],"about":[{"href":"https:\/\/www.friedenkoeln.de\/index.php?rest_route=\/wp\/v2\/types\/post"}],"author":[{"embeddable":true,"href":"https:\/\/www.friedenkoeln.de\/index.php?rest_route=\/wp\/v2\/users\/110"}],"replies":[{"embeddable":true,"href":"https:\/\/www.friedenkoeln.de\/index.php?rest_route=%2Fwp%2Fv2%2Fcomments&post=9267"}],"version-history":[{"count":12,"href":"https:\/\/www.friedenkoeln.de\/index.php?rest_route=\/wp\/v2\/posts\/9267\/revisions"}],"predecessor-version":[{"id":12090,"href":"https:\/\/www.friedenkoeln.de\/index.php?rest_route=\/wp\/v2\/posts\/9267\/revisions\/12090"}],"wp:featuredmedia":[{"embeddable":true,"href":"https:\/\/www.friedenkoeln.de\/index.php?rest_route=\/wp\/v2\/media\/9268"}],"wp:attachment":[{"href":"https:\/\/www.friedenkoeln.de\/index.php?rest_route=%2Fwp%2Fv2%2Fmedia&parent=9267"}],"wp:term":[{"taxonomy":"category","embeddable":true,"href":"https:\/\/www.friedenkoeln.de\/index.php?rest_route=%2Fwp%2Fv2%2Fcategories&post=9267"},{"taxonomy":"post_tag","embeddable":true,"href":"https:\/\/www.friedenkoeln.de\/index.php?rest_route=%2Fwp%2Fv2%2Ftags&post=9267"}],"curies":[{"name":"wp","href":"https:\/\/api.w.org\/{rel}","templated":true}]}}