{"id":9287,"date":"2016-04-10T13:01:14","date_gmt":"2016-04-10T11:01:14","guid":{"rendered":"http:\/\/www.friedenkoeln.de\/?p=9287"},"modified":"2016-04-10T13:19:22","modified_gmt":"2016-04-10T11:19:22","slug":"solidaritaet-mit-israelischen-kriegsdienstverweigerern","status":"publish","type":"post","link":"https:\/\/www.friedenkoeln.de\/?p=9287","title":{"rendered":"Solidarit\u00e4t mit israelischen Kriegsdienstverweigerern"},"content":{"rendered":"<div>\n<p class=\"western\"><strong><em>Einladung zum \u201eNachh\u00f6ren \u2013 neu h\u00f6ren \u2013 gemeinsam h\u00f6ren\u201c<\/em><\/strong><\/p>\n<h4 class=\"western\"><strong><em>am 11. 4., 19:30 \u2013 20:30 im Friedensbildungswerk, Obenmarspforten 7-11<\/em><\/strong><\/h4>\n<h3 class=\"western\"><b>Kriegsdienstverweigerung in Israel<\/b><\/h3>\n<p class=\"western\">In Israel ist Kriegsdienstverweigerung ein Verbrechen und wird mit Haft im Milit\u00e4rgef\u00e4ngnis geahndet. Die 19j\u00e4hrige Tair Kaminer und der 21j\u00e4hrige Ex-Soldat Yaron Kaplan haben sich aus Gewissensgr\u00fcnden gegen den Dienst in der Besatzungsarmee entschieden und die Bestrafung auf sich genommen. Das Radioprojekt des Allerweltshaus K\u00f6ln, \u201ealleweltonair\u201c hat mit ihnen eine Sendung \u00fcber ihre Motive und ihre Erfahrungen produziert, die wir gemeinsam h\u00f6ren und diskutieren wollen. Harald Fuchs, Sprecher der DFG-VK K\u00f6ln (Deutsche Friedensgesellschaft-Vereinigte KriegsdienstgegnerInnen) steht f\u00fcr Fragen zur Verf\u00fcgung.<\/p>\n<p class=\"western\">Kriegsdienstverweigerer aus aller Welt werden in Deutschland von der Menschenrechtsorganisation \u201econnection e.V.\u201c unterst\u00fctzt. Infos: <a href=\"http:\/\/www.connection-ev.org\/index.php\"><u>www.connection<\/u>-ev.de<\/a><\/p>\n<p class=\"western\">Die internationale Organisation &#8222;War Resisters International&#8220; (WRI) leistet weltweit Solidarit\u00e4tsarbeit<\/p>\n<p class=\"western\">f\u00fcr verfolgte Kriegsdienstverweigerer. Infos: <a href=\"http:\/\/www.wri-irg.org\/en\/node\/26284\">http:\/\/www.wri-irg.org\/en\/node\/26284<\/a><\/p>\n<\/div>\n","protected":false},"excerpt":{"rendered":"<p>Einladung zum \u201eNachh\u00f6ren \u2013 neu h\u00f6ren \u2013 gemeinsam h\u00f6ren\u201c am 11. 4., 19:30 \u2013 20:30 im Friedensbildungswerk, Obenmarspforten 7-11 Kriegsdienstverweigerung in Israel In Israel ist Kriegsdienstverweigerung ein Verbrechen und wird mit Haft im Milit\u00e4rgef\u00e4ngnis&#46;&#46;&#46;<\/p>\n","protected":false},"author":110,"featured_media":0,"comment_status":"open","ping_status":"open","sticky":false,"template":"","format":"standard","meta":{"footnotes":""},"categories":[],"tags":[7,8,3,29],"class_list":["post-9287","post","type-post","status-publish","format-standard","hentry","tag-kriegsdienstverweigerung-wehrpflicht","tag-kriminalisierung-von-antimilitarismus","tag-pazifismus","tag-solidaritat"],"_links":{"self":[{"href":"https:\/\/www.friedenkoeln.de\/index.php?rest_route=\/wp\/v2\/posts\/9287","targetHints":{"allow":["GET"]}}],"collection":[{"href":"https:\/\/www.friedenkoeln.de\/index.php?rest_route=\/wp\/v2\/posts"}],"about":[{"href":"https:\/\/www.friedenkoeln.de\/index.php?rest_route=\/wp\/v2\/types\/post"}],"author":[{"embeddable":true,"href":"https:\/\/www.friedenkoeln.de\/index.php?rest_route=\/wp\/v2\/users\/110"}],"replies":[{"embeddable":true,"href":"https:\/\/www.friedenkoeln.de\/index.php?rest_route=%2Fwp%2Fv2%2Fcomments&post=9287"}],"version-history":[{"count":3,"href":"https:\/\/www.friedenkoeln.de\/index.php?rest_route=\/wp\/v2\/posts\/9287\/revisions"}],"predecessor-version":[{"id":9291,"href":"https:\/\/www.friedenkoeln.de\/index.php?rest_route=\/wp\/v2\/posts\/9287\/revisions\/9291"}],"wp:attachment":[{"href":"https:\/\/www.friedenkoeln.de\/index.php?rest_route=%2Fwp%2Fv2%2Fmedia&parent=9287"}],"wp:term":[{"taxonomy":"category","embeddable":true,"href":"https:\/\/www.friedenkoeln.de\/index.php?rest_route=%2Fwp%2Fv2%2Fcategories&post=9287"},{"taxonomy":"post_tag","embeddable":true,"href":"https:\/\/www.friedenkoeln.de\/index.php?rest_route=%2Fwp%2Fv2%2Ftags&post=9287"}],"curies":[{"name":"wp","href":"https:\/\/api.w.org\/{rel}","templated":true}]}}