{"id":9296,"date":"2016-04-12T23:54:43","date_gmt":"2016-04-12T21:54:43","guid":{"rendered":"http:\/\/www.friedenkoeln.de\/?p=9296"},"modified":"2016-04-12T23:54:43","modified_gmt":"2016-04-12T21:54:43","slug":"fluchtursachen-oder-was-bewegt-menschen-ihre-heimat-zu-verlassen","status":"publish","type":"post","link":"https:\/\/www.friedenkoeln.de\/?p=9296","title":{"rendered":"Fluchtursachen oder Was bewegt Menschen ihre Heimat zu verlassen"},"content":{"rendered":"<h6><span style=\"font-family: Times New Roman,serif;\"><span style=\"font-size: medium;\"><strong><span style=\"font-family: Verdana,sans-serif;\">Eine gemeinsame Veranstaltung vom Friedensbildungswerk K\u00f6ln, Melanchthon-Akademie, Katholisches Bildungswerk, Volkshochschule K\u00f6ln und dem K\u00f6lner Runden Tisch f\u00fcr <\/span><\/strong><strong><span style=\"font-family: Arial,sans-serif;\">Intergration <\/span><\/strong><\/span><\/span><\/h6>\n<p class=\"western\"><span style=\"font-family: Arial,sans-serif;\"><span style=\"font-size: large;\"><b>Unfaire Handelsbeziehungen und R\u00fcstungsexporte<\/b><\/span><\/span><span style=\"font-family: Arial,sans-serif;\"><span style=\"font-size: large;\"><br \/>\nMi 13.04.2016 \/ 19.30 \u2013 21.30 Uhr \/ VHS Forum im Kulturquartier am Neumarkt, C\u00e4cilienstra\u00dfe 29-33, 50667 K\u00f6ln, U-Bahn Neumarkt \/ Teilnahme kostenlos <\/span><\/span><\/p>\n<p class=\"western\"><span style=\"font-family: Arial,sans-serif;\"><span style=\"font-size: medium;\">Zu Recht hat EU Kommissionspr\u00e4sident Juncker auf den eklatanten Widerspruch zwischen der Entwicklungszusammenarbeit der EU und ihrer Freihandelspolitik hingewiesen. Auf der einen Seite werden sinnvolle Projekte vereinbart, auf der anderen Seite zerst\u00f6ren hochsubventionierte Exporte die Lebensgrundlagen von Millionen. Globalisierung steht in dieser Hinsicht f\u00fcr eine neue Stufe der Kolonialisierung. Zudem: an jedem Krieg oder B\u00fcrgerkrieg und an jeder Krise verdienen Europ\u00e4er \u2013 die Waffenproduzenten und Waffenexporteure. Europa und Deutschland sind mitverantwortlich f\u00fcr Flucht und Vertreibung. Welche Ziele verfolgt die EU in den Wirtschaftsbeziehungen mit Afrika und dem Nahen Osten? Was muss ge\u00e4ndert werden? Wer verdient an den R\u00fcstungsexporten und was muss getan werden, um sie wirkungsvoll zu unterbinden?<\/span><\/span><\/p>\n<p class=\"western\"><span style=\"font-family: Arial,sans-serif;\"><span style=\"font-size: medium;\"><b>Andreas Dieterich, Brot f\u00fcr die Welt<br \/>\nRex Osa zu R\u00fcstungsexporten vom Voice Refugee Forum<br \/>\nDierk Hirschel, Chefvolkswirt der Gewerkschaft ver.di<\/b><\/span><\/span><\/p>\n","protected":false},"excerpt":{"rendered":"<p>Eine gemeinsame Veranstaltung vom Friedensbildungswerk K\u00f6ln, Melanchthon-Akademie, Katholisches Bildungswerk, Volkshochschule K\u00f6ln und dem K\u00f6lner Runden Tisch f\u00fcr Intergration Unfaire Handelsbeziehungen und R\u00fcstungsexporte Mi 13.04.2016 \/ 19.30 \u2013 21.30 Uhr \/ VHS Forum im Kulturquartier&#46;&#46;&#46;<\/p>\n","protected":false},"author":110,"featured_media":0,"comment_status":"open","ping_status":"open","sticky":false,"template":"","format":"standard","meta":{"footnotes":""},"categories":[],"tags":[28,32,37],"class_list":["post-9296","post","type-post","status-publish","format-standard","hentry","tag-fluchtlingen","tag-information-diskussion","tag-ruestungsexporte"],"_links":{"self":[{"href":"https:\/\/www.friedenkoeln.de\/index.php?rest_route=\/wp\/v2\/posts\/9296","targetHints":{"allow":["GET"]}}],"collection":[{"href":"https:\/\/www.friedenkoeln.de\/index.php?rest_route=\/wp\/v2\/posts"}],"about":[{"href":"https:\/\/www.friedenkoeln.de\/index.php?rest_route=\/wp\/v2\/types\/post"}],"author":[{"embeddable":true,"href":"https:\/\/www.friedenkoeln.de\/index.php?rest_route=\/wp\/v2\/users\/110"}],"replies":[{"embeddable":true,"href":"https:\/\/www.friedenkoeln.de\/index.php?rest_route=%2Fwp%2Fv2%2Fcomments&post=9296"}],"version-history":[{"count":1,"href":"https:\/\/www.friedenkoeln.de\/index.php?rest_route=\/wp\/v2\/posts\/9296\/revisions"}],"predecessor-version":[{"id":9297,"href":"https:\/\/www.friedenkoeln.de\/index.php?rest_route=\/wp\/v2\/posts\/9296\/revisions\/9297"}],"wp:attachment":[{"href":"https:\/\/www.friedenkoeln.de\/index.php?rest_route=%2Fwp%2Fv2%2Fmedia&parent=9296"}],"wp:term":[{"taxonomy":"category","embeddable":true,"href":"https:\/\/www.friedenkoeln.de\/index.php?rest_route=%2Fwp%2Fv2%2Fcategories&post=9296"},{"taxonomy":"post_tag","embeddable":true,"href":"https:\/\/www.friedenkoeln.de\/index.php?rest_route=%2Fwp%2Fv2%2Ftags&post=9296"}],"curies":[{"name":"wp","href":"https:\/\/api.w.org\/{rel}","templated":true}]}}