{"id":9303,"date":"2016-04-18T19:55:36","date_gmt":"2016-04-18T17:55:36","guid":{"rendered":"http:\/\/www.friedenkoeln.de\/?p=9303"},"modified":"2016-04-18T19:55:36","modified_gmt":"2016-04-18T17:55:36","slug":"mitmachen-koelner-woche-in-buechel-atomwaffenfrei-jetzt","status":"publish","type":"post","link":"https:\/\/www.friedenkoeln.de\/?p=9303","title":{"rendered":"Mitmachen! &#8222;K\u00f6lner Woche&#8220; in B\u00fcchel &#8211; Atomwaffenfrei jetzt!"},"content":{"rendered":"<div class=\"\">\n<div class=\"\">\n<p>Liebe Friedensfreunde in K\u00f6ln und Umgebung,<\/p>\n<div class=\"\">\n<p style=\"text-align: left;\">wir beteiligen uns an den 20 Aktionswochen <strong>in <a href=\"http:\/\/buechel-atombombenfrei.jimdo.com\" target=\"_blank\">B\u00fcchel<\/a>\u00a0in der 1. Maiwoche<\/strong> und laden Euch herzlich ein, mit dabei zu sein:<\/p>\n<p style=\"text-align: left;\">entweder einen, mehrere oder alle Tage vom 1. &#8211; 7. Mai 2016.<\/p>\n<p style=\"text-align: left;\">Das erste Auto ist schon klar und f\u00e4hrt am Sonntag, 1. Mai voraussichtlich um 17 Uhr ab K\u00f6ln.<\/p>\n<p style=\"text-align: left;\"><!--more-->Dann gibt es den ersten Aktionstag am 2. Mai\u00a0und die erste M\u00f6glichkeit, am gleichen Tag wieder mit zur\u00fcck zu fahren,<\/p>\n<p style=\"text-align: left;\">oder weitere Tage zu bleiben.<\/p>\n<p style=\"text-align: left;\">Das zweite Auto f\u00e4hrt am Do. 5. Mai (Christi Himmelfahrt) und am 6. oder 7. Mai zur\u00fcck.<\/p>\n<p style=\"text-align: left;\">Nat\u00fcrlich k\u00f6nnt Ihr auch mit der Bahn an- und abreisen.<\/p>\n<p style=\"text-align: left;\">Ich w\u00fcrde mich sehr freuen, wenn sich noch viele weitere zur Teilnahme an Demonstrations- oder Blockade-Aktionen in dieser Woche aus K\u00f6ln f\u00fcr B\u00fcchel melden und mitmachen, egal ob f\u00fcr einen oder mehrere Tage.<\/p>\n<\/div>\n<div class=\"\">\n<p style=\"text-align: left;\">F\u00fcr R\u00fcckfragen stehe ich gerne zur Verf\u00fcgung!<\/p>\n<p style=\"text-align: left;\">Herzliche Gr\u00fc\u00dfe,<\/p>\n<p style=\"text-align: left;\">Michael S\u00fcnner<\/p>\n<p style=\"text-align: left;\">DFG-VK Gruppe K\u00f6ln<\/p>\n<p style=\"text-align: left;\">0174 9509932<\/p>\n<\/div>\n<\/div>\n<\/div>\n<p>&nbsp;<\/p>\n","protected":false},"excerpt":{"rendered":"<p>Liebe Friedensfreunde in K\u00f6ln und Umgebung, wir beteiligen uns an den 20 Aktionswochen in B\u00fcchel\u00a0in der 1. Maiwoche und laden Euch herzlich ein, mit dabei zu sein: entweder einen, mehrere oder alle Tage vom&#46;&#46;&#46;<\/p>\n","protected":false},"author":110,"featured_media":9175,"comment_status":"open","ping_status":"open","sticky":false,"template":"","format":"standard","meta":{"footnotes":""},"categories":[2],"tags":[42,33,48],"class_list":["post-9303","post","type-post","status-publish","format-standard","has-post-thumbnail","hentry","category-aktionen","tag-abruestung","tag-atomwaffen","tag-bundeswehr"],"_links":{"self":[{"href":"https:\/\/www.friedenkoeln.de\/index.php?rest_route=\/wp\/v2\/posts\/9303","targetHints":{"allow":["GET"]}}],"collection":[{"href":"https:\/\/www.friedenkoeln.de\/index.php?rest_route=\/wp\/v2\/posts"}],"about":[{"href":"https:\/\/www.friedenkoeln.de\/index.php?rest_route=\/wp\/v2\/types\/post"}],"author":[{"embeddable":true,"href":"https:\/\/www.friedenkoeln.de\/index.php?rest_route=\/wp\/v2\/users\/110"}],"replies":[{"embeddable":true,"href":"https:\/\/www.friedenkoeln.de\/index.php?rest_route=%2Fwp%2Fv2%2Fcomments&post=9303"}],"version-history":[{"count":3,"href":"https:\/\/www.friedenkoeln.de\/index.php?rest_route=\/wp\/v2\/posts\/9303\/revisions"}],"predecessor-version":[{"id":9312,"href":"https:\/\/www.friedenkoeln.de\/index.php?rest_route=\/wp\/v2\/posts\/9303\/revisions\/9312"}],"wp:featuredmedia":[{"embeddable":true,"href":"https:\/\/www.friedenkoeln.de\/index.php?rest_route=\/wp\/v2\/media\/9175"}],"wp:attachment":[{"href":"https:\/\/www.friedenkoeln.de\/index.php?rest_route=%2Fwp%2Fv2%2Fmedia&parent=9303"}],"wp:term":[{"taxonomy":"category","embeddable":true,"href":"https:\/\/www.friedenkoeln.de\/index.php?rest_route=%2Fwp%2Fv2%2Fcategories&post=9303"},{"taxonomy":"post_tag","embeddable":true,"href":"https:\/\/www.friedenkoeln.de\/index.php?rest_route=%2Fwp%2Fv2%2Ftags&post=9303"}],"curies":[{"name":"wp","href":"https:\/\/api.w.org\/{rel}","templated":true}]}}