{"id":9305,"date":"2016-04-18T19:57:23","date_gmt":"2016-04-18T17:57:23","guid":{"rendered":"http:\/\/www.friedenkoeln.de\/?p=9305"},"modified":"2020-11-14T23:36:15","modified_gmt":"2020-11-14T21:36:15","slug":"anmelden-fachgespraech-wie-erreichen-wir-die-politik","status":"publish","type":"post","link":"https:\/\/www.friedenkoeln.de\/?p=9305","title":{"rendered":"Abgesagt! Fachgespr\u00e4ch: &#8222;Wie erreichen wir die Politik?&#8220;"},"content":{"rendered":"<blockquote class=\"\">\n<div class=\"\">\n<div class=\"\">\n<div class=\"\">\n<blockquote class=\"\">\n<div class=\"\">Liebe potenzielle G\u00e4ste des Fachgespr\u00e4chs,<\/div>\n<\/blockquote>\n<div class=\"\">leider\u00a0hat unser Referent sein Kommen aus pers\u00f6nlichen Gr\u00fcnden abgesagt. Sobald ein neuer Termin feststeht, laden wir Sie wieder ein.<\/div>\n<\/div>\n<div class=\"\">Wir bitten um Entschuldigung.<\/div>\n<div class=\"\">Mit freundlichen Gr\u00fc\u00dfen<\/div>\n<div class=\"\">Stefanie Intveen (26.4.2016)<\/div>\n<\/div>\n<\/div>\n<\/blockquote>\n<div class=\"\"><\/div>\n<blockquote class=\"\">\n<div class=\"\">\n<div class=\"\">\n<div class=\"\">\n<blockquote class=\"\">\n<div class=\"\"><\/div>\n<div class=\"\"><\/div>\n<div class=\"\">Die Gruppe K\u00f6ln der DFG-VK (Deutschen Friedensgesellschaft &#8211; Vereinigte KriegsdienstgegnerInnen e. V.) l\u00e4dt Mitglieder von Friedensgruppen herzlich zu einem<\/div>\n<div class=\"\"><\/div>\n<div class=\"\" style=\"text-align: center;\"><strong>Fachgespr\u00e4ch zum Thema \u201eWie erreichen wir die Politik?\u201c<\/strong><\/div>\n<div class=\"\" style=\"text-align: center;\"><\/div>\n<div class=\"\">mit<\/div>\n<div class=\"\"><\/div>\n<div class=\"\" style=\"text-align: center;\"><strong>Richard Kortmann, <\/strong><\/div>\n<div class=\"\" style=\"text-align: center;\">Senior Policy Advisor der<\/div>\n<div class=\"\" style=\"text-align: center;\">Deutsche Investitions- und Entwicklungsgesellschaft mbH, K\u00f6ln (DEG)<\/div>\n<div class=\"\" style=\"text-align: center;\"><\/div>\n<div class=\"\" style=\"text-align: center;\">am <strong>Donnerstag, den 28.4.2016 um 19:30 &#8211; 21:00 Uhr\u00a0<\/strong><\/div>\n<div class=\"\" style=\"text-align: center;\"><\/div>\n<div class=\"\" style=\"text-align: center;\">ins Friedensbildungswerk K\u00f6ln, Obenmarspforten 7-11, K\u00f6ln ein.<\/div>\n<div class=\"\" style=\"text-align: center;\"><\/div>\n<div class=\"\">Richard Kortmann hat zw\u00f6lf Jahre beim Deutschen Bundestag gearbeitet. <!--more-->Anschlie\u00dfend \u00fcbernahm er f\u00fcr acht Jahre Aufgaben im Bereich der (entwicklungs-)politischen Kommunikation im Vorstandsstab der KfW-Bankengruppe. Seit f\u00fcnf Jahren h\u00e4lt er als Senior Policy Advisor bei der DEG Kontakte zu Bundespolitikern und zivilgesellschaftlichen Organisationen.<\/div>\n<div class=\"\"><\/div>\n<div class=\"\">Wir freuen uns, Richard Kortmann bei uns begr\u00fc\u00dfen zu d\u00fcrfen und bedanken uns daf\u00fcr, dass er sich bereit erkl\u00e4rt hat, uns ohne Honorar an seinen Erfahrungen teilhaben zu lassen.<\/div>\n<div class=\"\"><\/div>\n<div class=\"\">Er wird einen Kurzvortrag zur Einf\u00fchrung in das Thema halten und uns anschlie\u00dfend f\u00fcr unsere Fragen und einen Erfahrungsaustausch zur Verf\u00fcgung stehen.<\/div>\n<div class=\"\"><\/div>\n<div class=\"\">Bitte meldet Euch wegen der Raumplanung bei Stefanie Intveen,\u00a0<a class=\"\" href=\"mailto:stefanie.intveen@web.de\">stefanie.intveen@web.de<\/a>, unter Nennung der Organisation zur Teilnahme an. Die verf\u00fcgbaren Pl\u00e4tze werden in der Reihenfolge der eingegangenen Anmeldungen vergeben.<\/div>\n<\/blockquote>\n<\/div>\n<\/div>\n<\/div>\n<\/blockquote>\n<p>&nbsp;<\/p>\n","protected":false},"excerpt":{"rendered":"<p>Liebe potenzielle G\u00e4ste des Fachgespr\u00e4chs, leider\u00a0hat unser Referent sein Kommen aus pers\u00f6nlichen Gr\u00fcnden abgesagt. Sobald ein neuer Termin feststeht, laden wir Sie wieder ein. Wir bitten um Entschuldigung. Mit freundlichen Gr\u00fc\u00dfen Stefanie Intveen (26.4.2016)&#46;&#46;&#46;<\/p>\n","protected":false},"author":110,"featured_media":9260,"comment_status":"open","ping_status":"open","sticky":false,"template":"","format":"standard","meta":{"footnotes":""},"categories":[104],"tags":[49,40],"class_list":["post-9305","post","type-post","status-publish","format-standard","has-post-thumbnail","hentry","category-ankuendigung","tag-bundestag","tag-demokratie"],"_links":{"self":[{"href":"https:\/\/www.friedenkoeln.de\/index.php?rest_route=\/wp\/v2\/posts\/9305","targetHints":{"allow":["GET"]}}],"collection":[{"href":"https:\/\/www.friedenkoeln.de\/index.php?rest_route=\/wp\/v2\/posts"}],"about":[{"href":"https:\/\/www.friedenkoeln.de\/index.php?rest_route=\/wp\/v2\/types\/post"}],"author":[{"embeddable":true,"href":"https:\/\/www.friedenkoeln.de\/index.php?rest_route=\/wp\/v2\/users\/110"}],"replies":[{"embeddable":true,"href":"https:\/\/www.friedenkoeln.de\/index.php?rest_route=%2Fwp%2Fv2%2Fcomments&post=9305"}],"version-history":[{"count":9,"href":"https:\/\/www.friedenkoeln.de\/index.php?rest_route=\/wp\/v2\/posts\/9305\/revisions"}],"predecessor-version":[{"id":9325,"href":"https:\/\/www.friedenkoeln.de\/index.php?rest_route=\/wp\/v2\/posts\/9305\/revisions\/9325"}],"wp:featuredmedia":[{"embeddable":true,"href":"https:\/\/www.friedenkoeln.de\/index.php?rest_route=\/wp\/v2\/media\/9260"}],"wp:attachment":[{"href":"https:\/\/www.friedenkoeln.de\/index.php?rest_route=%2Fwp%2Fv2%2Fmedia&parent=9305"}],"wp:term":[{"taxonomy":"category","embeddable":true,"href":"https:\/\/www.friedenkoeln.de\/index.php?rest_route=%2Fwp%2Fv2%2Fcategories&post=9305"},{"taxonomy":"post_tag","embeddable":true,"href":"https:\/\/www.friedenkoeln.de\/index.php?rest_route=%2Fwp%2Fv2%2Ftags&post=9305"}],"curies":[{"name":"wp","href":"https:\/\/api.w.org\/{rel}","templated":true}]}}