{"id":9331,"date":"2016-04-30T23:16:23","date_gmt":"2016-04-30T21:16:23","guid":{"rendered":"http:\/\/www.friedenkoeln.de\/?p=9331"},"modified":"2020-11-14T23:35:38","modified_gmt":"2020-11-14T21:35:38","slug":"pressefreiheit-in-gefahr-staatsanwaltschaftliche-ermittlungen-gegen-buchautoren-vom-netzwerk-des-todes","status":"publish","type":"post","link":"https:\/\/www.friedenkoeln.de\/?p=9331","title":{"rendered":"Pressefreiheit in Gefahr  &#8211; staatsanwaltschaftliche Ermittlungen  gegen Buchautoren vom \u00bbNetzwerk des Todes\u00ab!"},"content":{"rendered":"<p>Im Zusammenhang mit illegalen Mexiko-Deals von Heckler &amp; Koch wurde nicht rechtzeitig gegen darin verwickelte Beamte ermittelt. Diese F\u00e4lle sind nun verj\u00e4hrt. Stattdessen werden nun J\u00fcrgen Gr\u00e4sslin und Daniel Harrich des &#8222;Geheimnisverrats&#8220; beschuldigt.<br \/>\n<a class=\"moz-txt-link-freetext\" href=\"http:\/\/www.aufschrei-waffenhandel.de\/Heckler-Koch.127.0.html#c7699\">http:\/\/www.aufschrei-waffenhandel.de\/Heckler-Koch.127.0.html#c7699<\/a><\/p>\n","protected":false},"excerpt":{"rendered":"<p>Im Zusammenhang mit illegalen Mexiko-Deals von Heckler &amp; Koch wurde nicht rechtzeitig gegen darin verwickelte Beamte ermittelt. Diese F\u00e4lle sind nun verj\u00e4hrt. Stattdessen werden nun J\u00fcrgen Gr\u00e4sslin und Daniel Harrich des &#8222;Geheimnisverrats&#8220; beschuldigt. http:\/\/www.aufschrei-waffenhandel.de\/Heckler-Koch.127.0.html#c7699<\/p>\n","protected":false},"author":110,"featured_media":0,"comment_status":"open","ping_status":"open","sticky":false,"template":"","format":"standard","meta":{"footnotes":""},"categories":[106],"tags":[40,37],"class_list":["post-9331","post","type-post","status-publish","format-standard","hentry","category-analyse","tag-demokratie","tag-ruestungsexporte"],"_links":{"self":[{"href":"https:\/\/www.friedenkoeln.de\/index.php?rest_route=\/wp\/v2\/posts\/9331","targetHints":{"allow":["GET"]}}],"collection":[{"href":"https:\/\/www.friedenkoeln.de\/index.php?rest_route=\/wp\/v2\/posts"}],"about":[{"href":"https:\/\/www.friedenkoeln.de\/index.php?rest_route=\/wp\/v2\/types\/post"}],"author":[{"embeddable":true,"href":"https:\/\/www.friedenkoeln.de\/index.php?rest_route=\/wp\/v2\/users\/110"}],"replies":[{"embeddable":true,"href":"https:\/\/www.friedenkoeln.de\/index.php?rest_route=%2Fwp%2Fv2%2Fcomments&post=9331"}],"version-history":[{"count":1,"href":"https:\/\/www.friedenkoeln.de\/index.php?rest_route=\/wp\/v2\/posts\/9331\/revisions"}],"predecessor-version":[{"id":9332,"href":"https:\/\/www.friedenkoeln.de\/index.php?rest_route=\/wp\/v2\/posts\/9331\/revisions\/9332"}],"wp:attachment":[{"href":"https:\/\/www.friedenkoeln.de\/index.php?rest_route=%2Fwp%2Fv2%2Fmedia&parent=9331"}],"wp:term":[{"taxonomy":"category","embeddable":true,"href":"https:\/\/www.friedenkoeln.de\/index.php?rest_route=%2Fwp%2Fv2%2Fcategories&post=9331"},{"taxonomy":"post_tag","embeddable":true,"href":"https:\/\/www.friedenkoeln.de\/index.php?rest_route=%2Fwp%2Fv2%2Ftags&post=9331"}],"curies":[{"name":"wp","href":"https:\/\/api.w.org\/{rel}","templated":true}]}}