{"id":9333,"date":"2016-04-30T23:51:48","date_gmt":"2016-04-30T21:51:48","guid":{"rendered":"http:\/\/www.friedenkoeln.de\/?p=9333"},"modified":"2020-11-14T23:35:26","modified_gmt":"2020-11-14T21:35:26","slug":"juergen-graesslin-in-koeln","status":"publish","type":"post","link":"https:\/\/www.friedenkoeln.de\/?p=9333","title":{"rendered":"J\u00fcrgen Gr\u00e4sslin in K\u00f6ln"},"content":{"rendered":"<h3 class=\"western\"><span style=\"font-size: large;\">Netzwerk des Todes: Kriminelle Verflechtungen von Waffenindustrie und Beh\u00f6rden?<\/span><\/h3>\n<h4 class=\"western\"><span style=\"font-size: large;\">Termin: 24.05.2016, 19.30 Uhr Tersteegenhaus, Emmastra\u00dfe 6, K\u00f6ln-S\u00fclz<\/span><\/h4>\n<p class=\"western\"><span style=\"font-size: large;\">Lesung und Diskussion mit J. Gr\u00e4sslin, Bundessprecher deutsche Friedensgesellschaft\/Vereinigte Kriegsdienstgegner*innen (DFG-VK)<\/span><\/p>\n<p class=\"western\"><span style=\"font-size: large;\">Mitautor des Buches und der Doku \u201eNetzwerk des Todes\u201c<\/span><\/p>\n<p class=\"western\"><span style=\"font-size: large;\">Eintritt frei, Spenden willkommen<\/span><\/p>\n<p class=\"western\"><span style=\"font-size: large;\">Veranstalter: Friedensinitiative S\u00fclz-Klettenberg\/DFG-VK (Gruppe K\u00f6ln),<\/span><\/p>\n<p class=\"western\"><span style=\"font-size: large;\">Friedensbildungswerk e.V.,K\u00f6lner Friedensforum<\/span><\/p>\n<h4>Einladungsflyer: <a href=\"http:\/\/www.friedenkoeln.de\/wp-content\/uploads\/2016\/04\/Gr\u00e4sslin-Mai-2016.doc\" rel=\"\">Gr\u00e4sslin Mai 2016<\/a><\/h4>\n","protected":false},"excerpt":{"rendered":"<p>Netzwerk des Todes: Kriminelle Verflechtungen von Waffenindustrie und Beh\u00f6rden? Termin: 24.05.2016, 19.30 Uhr Tersteegenhaus, Emmastra\u00dfe 6, K\u00f6ln-S\u00fclz Lesung und Diskussion mit J. Gr\u00e4sslin, Bundessprecher deutsche Friedensgesellschaft\/Vereinigte Kriegsdienstgegner*innen (DFG-VK) Mitautor des Buches und der Doku&#46;&#46;&#46;<\/p>\n","protected":false},"author":110,"featured_media":0,"comment_status":"open","ping_status":"open","sticky":false,"template":"","format":"standard","meta":{"footnotes":""},"categories":[104],"tags":[40,32,37],"class_list":["post-9333","post","type-post","status-publish","format-standard","hentry","category-ankuendigung","tag-demokratie","tag-information-diskussion","tag-ruestungsexporte"],"_links":{"self":[{"href":"https:\/\/www.friedenkoeln.de\/index.php?rest_route=\/wp\/v2\/posts\/9333","targetHints":{"allow":["GET"]}}],"collection":[{"href":"https:\/\/www.friedenkoeln.de\/index.php?rest_route=\/wp\/v2\/posts"}],"about":[{"href":"https:\/\/www.friedenkoeln.de\/index.php?rest_route=\/wp\/v2\/types\/post"}],"author":[{"embeddable":true,"href":"https:\/\/www.friedenkoeln.de\/index.php?rest_route=\/wp\/v2\/users\/110"}],"replies":[{"embeddable":true,"href":"https:\/\/www.friedenkoeln.de\/index.php?rest_route=%2Fwp%2Fv2%2Fcomments&post=9333"}],"version-history":[{"count":1,"href":"https:\/\/www.friedenkoeln.de\/index.php?rest_route=\/wp\/v2\/posts\/9333\/revisions"}],"predecessor-version":[{"id":9335,"href":"https:\/\/www.friedenkoeln.de\/index.php?rest_route=\/wp\/v2\/posts\/9333\/revisions\/9335"}],"wp:attachment":[{"href":"https:\/\/www.friedenkoeln.de\/index.php?rest_route=%2Fwp%2Fv2%2Fmedia&parent=9333"}],"wp:term":[{"taxonomy":"category","embeddable":true,"href":"https:\/\/www.friedenkoeln.de\/index.php?rest_route=%2Fwp%2Fv2%2Fcategories&post=9333"},{"taxonomy":"post_tag","embeddable":true,"href":"https:\/\/www.friedenkoeln.de\/index.php?rest_route=%2Fwp%2Fv2%2Ftags&post=9333"}],"curies":[{"name":"wp","href":"https:\/\/api.w.org\/{rel}","templated":true}]}}