{"id":9378,"date":"2016-05-16T18:03:40","date_gmt":"2016-05-16T16:03:40","guid":{"rendered":"http:\/\/www.friedenkoeln.de\/?p=9378"},"modified":"2016-05-24T21:41:55","modified_gmt":"2016-05-24T19:41:55","slug":"trotz-konsumhektik-koelner-interessieren-sich-fuer-kriegsdienstverweigerer","status":"publish","type":"post","link":"https:\/\/www.friedenkoeln.de\/?p=9378","title":{"rendered":"Trotz Konsumhektik: K\u00f6lner interessieren sich f\u00fcr Kriegsdienstverweigerer"},"content":{"rendered":"<p>Mit f\u00fcnf, zwischenzeitlich sogar sieben Personen versorgten wir\u00a0am Freitag, den 13. Mai 2016, die Passanten am Wallrafplatz in K\u00f6ln mit Flyern und Informationen \u00fcber die beiden Kriegsdienstverweigerer Tahir Kaminer (Israel) und Ruslan Kotsaba (Ukraine).<\/p>\n<p>Viele junge Leute zeigten sich interessiert &#8211; obwohl sie bestimmt\u00a0nicht zur politischen Aufkl\u00e4rung in die City gestr\u00f6mt waren. Dass es beispielsweise in Israel keine legale M\u00f6glichkeit gibt, den Kriegsdienst offen zu verweigern, \u00fcberraschte viele Passanten.<\/p>\n","protected":false},"excerpt":{"rendered":"<p>Mit f\u00fcnf, zwischenzeitlich sogar sieben Personen versorgten wir\u00a0am Freitag, den 13. Mai 2016, die Passanten am Wallrafplatz in K\u00f6ln mit Flyern und Informationen \u00fcber die beiden Kriegsdienstverweigerer Tahir Kaminer (Israel) und Ruslan Kotsaba (Ukraine).&#46;&#46;&#46;<\/p>\n","protected":false},"author":110,"featured_media":9374,"comment_status":"open","ping_status":"open","sticky":false,"template":"","format":"standard","meta":{"footnotes":""},"categories":[2],"tags":[7,8,3,29],"class_list":["post-9378","post","type-post","status-publish","format-standard","has-post-thumbnail","hentry","category-aktionen","tag-kriegsdienstverweigerung-wehrpflicht","tag-kriminalisierung-von-antimilitarismus","tag-pazifismus","tag-solidaritat"],"_links":{"self":[{"href":"https:\/\/www.friedenkoeln.de\/index.php?rest_route=\/wp\/v2\/posts\/9378","targetHints":{"allow":["GET"]}}],"collection":[{"href":"https:\/\/www.friedenkoeln.de\/index.php?rest_route=\/wp\/v2\/posts"}],"about":[{"href":"https:\/\/www.friedenkoeln.de\/index.php?rest_route=\/wp\/v2\/types\/post"}],"author":[{"embeddable":true,"href":"https:\/\/www.friedenkoeln.de\/index.php?rest_route=\/wp\/v2\/users\/110"}],"replies":[{"embeddable":true,"href":"https:\/\/www.friedenkoeln.de\/index.php?rest_route=%2Fwp%2Fv2%2Fcomments&post=9378"}],"version-history":[{"count":6,"href":"https:\/\/www.friedenkoeln.de\/index.php?rest_route=\/wp\/v2\/posts\/9378\/revisions"}],"predecessor-version":[{"id":9400,"href":"https:\/\/www.friedenkoeln.de\/index.php?rest_route=\/wp\/v2\/posts\/9378\/revisions\/9400"}],"wp:featuredmedia":[{"embeddable":true,"href":"https:\/\/www.friedenkoeln.de\/index.php?rest_route=\/wp\/v2\/media\/9374"}],"wp:attachment":[{"href":"https:\/\/www.friedenkoeln.de\/index.php?rest_route=%2Fwp%2Fv2%2Fmedia&parent=9378"}],"wp:term":[{"taxonomy":"category","embeddable":true,"href":"https:\/\/www.friedenkoeln.de\/index.php?rest_route=%2Fwp%2Fv2%2Fcategories&post=9378"},{"taxonomy":"post_tag","embeddable":true,"href":"https:\/\/www.friedenkoeln.de\/index.php?rest_route=%2Fwp%2Fv2%2Ftags&post=9378"}],"curies":[{"name":"wp","href":"https:\/\/api.w.org\/{rel}","templated":true}]}}