{"id":9389,"date":"2016-05-26T08:00:25","date_gmt":"2016-05-26T06:00:25","guid":{"rendered":"http:\/\/www.friedenkoeln.de\/?p=9389"},"modified":"2020-11-14T23:34:34","modified_gmt":"2020-11-14T21:34:34","slug":"koelner-bundestagsabgeordnete-der-cdu-zum-syrien-einsatz-der-bundeswehr","status":"publish","type":"post","link":"https:\/\/www.friedenkoeln.de\/?p=9389","title":{"rendered":"K\u00f6lner Bundestagsabgeordnete der CDU zum Syrien-Einsatz der Bundeswehr"},"content":{"rendered":"<p><span class=\"sd-abs-pos\">K\u00f6lner Friedensgruppen\u00a0hatten &#8211; wie bereits berichtet &#8211; am 2. M\u00e4rz 2016 s\u00e4mtliche K\u00f6lner Bundestagsabgeordnete zu ihrer Abstimmung \u00fcber den Bundeswehreinsatz in Syrien am 4. Dezember\u00a02015 <a href=\"http:\/\/www.friedenkoeln.de\/wp-content\/uploads\/2016\/03\/AK-Geopolitik-Frieden-a-MdBs_Genehmigung-BW-Einsatz-20151204.pdf\">befragt<\/a>.<\/span><\/p>\n<p>Nach den <a href=\"http:\/\/www.friedenkoeln.de\/wp-content\/uploads\/2016\/03\/K\u00f6lner-MdBs-SPD_160317_Antworten-auf-Friedensinitiative-wegen-Syrien-Einsatz.pdf\">vier Abgeordneten der\u00a0SPD<\/a> und dem <a href=\"http:\/\/www.friedenkoeln.de\/wp-content\/uploads\/2016\/05\/Matthias-Birkwald_Einsatz-der-Bundeswehr-in-Syrien_20160509.pdf\">Abgeordneten der Linken<\/a> haben die vier K\u00f6lner CDU-Mitglieder des Deutschen Bundestages Gisela Manderla, Prof. Dr. Heribert Hirte, Karsten M\u00f6ring und Helmut Nowak in einem <a href=\"http:\/\/www.friedenkoeln.de\/wp-content\/uploads\/2016\/05\/Gisela-Manderla-et-al_Antworten-auf-Fragenkatalog-Friedensforum_20160524.pdf\">Schreiben<\/a> vom 23. Mai 2016\u00a0Stellung bezogen.<\/p>\n<p>&nbsp;<\/p>\n","protected":false},"excerpt":{"rendered":"<p>K\u00f6lner Friedensgruppen\u00a0hatten &#8211; wie bereits berichtet &#8211; am 2. M\u00e4rz 2016 s\u00e4mtliche K\u00f6lner Bundestagsabgeordnete zu ihrer Abstimmung \u00fcber den Bundeswehreinsatz in Syrien am 4. Dezember\u00a02015 befragt. Nach den vier Abgeordneten der\u00a0SPD und dem Abgeordneten&#46;&#46;&#46;<\/p>\n","protected":false},"author":110,"featured_media":0,"comment_status":"open","ping_status":"open","sticky":false,"template":"","format":"standard","meta":{"footnotes":""},"categories":[105],"tags":[49,48,32,47],"class_list":["post-9389","post","type-post","status-publish","format-standard","hentry","category-bericht","tag-bundestag","tag-bundeswehr","tag-information-diskussion","tag-krieg-gegen-terror"],"_links":{"self":[{"href":"https:\/\/www.friedenkoeln.de\/index.php?rest_route=\/wp\/v2\/posts\/9389","targetHints":{"allow":["GET"]}}],"collection":[{"href":"https:\/\/www.friedenkoeln.de\/index.php?rest_route=\/wp\/v2\/posts"}],"about":[{"href":"https:\/\/www.friedenkoeln.de\/index.php?rest_route=\/wp\/v2\/types\/post"}],"author":[{"embeddable":true,"href":"https:\/\/www.friedenkoeln.de\/index.php?rest_route=\/wp\/v2\/users\/110"}],"replies":[{"embeddable":true,"href":"https:\/\/www.friedenkoeln.de\/index.php?rest_route=%2Fwp%2Fv2%2Fcomments&post=9389"}],"version-history":[{"count":3,"href":"https:\/\/www.friedenkoeln.de\/index.php?rest_route=\/wp\/v2\/posts\/9389\/revisions"}],"predecessor-version":[{"id":9416,"href":"https:\/\/www.friedenkoeln.de\/index.php?rest_route=\/wp\/v2\/posts\/9389\/revisions\/9416"}],"wp:attachment":[{"href":"https:\/\/www.friedenkoeln.de\/index.php?rest_route=%2Fwp%2Fv2%2Fmedia&parent=9389"}],"wp:term":[{"taxonomy":"category","embeddable":true,"href":"https:\/\/www.friedenkoeln.de\/index.php?rest_route=%2Fwp%2Fv2%2Fcategories&post=9389"},{"taxonomy":"post_tag","embeddable":true,"href":"https:\/\/www.friedenkoeln.de\/index.php?rest_route=%2Fwp%2Fv2%2Ftags&post=9389"}],"curies":[{"name":"wp","href":"https:\/\/api.w.org\/{rel}","templated":true}]}}