{"id":9409,"date":"2016-05-25T09:02:30","date_gmt":"2016-05-25T07:02:30","guid":{"rendered":"http:\/\/www.friedenkoeln.de\/?p=9409"},"modified":"2016-05-27T08:50:18","modified_gmt":"2016-05-27T06:50:18","slug":"call-for-action-keinen-tag-der-bundeswehr-in-bonn-am-11-juni-2016","status":"publish","type":"post","link":"https:\/\/www.friedenkoeln.de\/?p=9409","title":{"rendered":"Call for action: (Keinen) Tag der Bundeswehr in Bonn am 11. Juni 2016"},"content":{"rendered":"<div class=\"\"><span style=\"font-family: Arial;\">Am <strong>Samstag, den\u00a0<\/strong><strong class=\"\">11. Juni 2016<\/strong>\u00a0veranstaltet die Bundeswehr zum zweiten Mal in mehreren deutschen St\u00e4dten den sogenannten &#8222;Tag der Bundeswehr&#8220;.\u00a0<\/span><span style=\"font-family: Arial;\">In NRW wird die zentrale Veranstaltung auf dem Marktplatz in Bonn\u00a0stattfinden.<\/span><\/div>\n<div class=\"\"><\/div>\n<div class=\"\"><span style=\"font-family: Arial;\">Bundesweit mobilisieren Friedensgruppen mit <a href=\"https:\/\/www.dfg-vk.de\/pazifismus\/call-for-action-keinen-tag-der-bundeswehr\">Fakten<\/a> und <a href=\"http:\/\/www.tag-der-bundeswehr-2016.de\/index.html\">Humor<\/a>\u00a0gegen die\u00a0Verharmlosung des Milit\u00e4rs und Rekrutierung von Minderj\u00e4hrigen.<\/span><\/div>\n<div class=\"\"><\/div>\n<div class=\"\"><span style=\"font-family: Arial;\">Das Bonner Friedensb\u00fcndnis &#8222;Keinen Tag der Bundeswehr&#8220; hat \u00a0zu \u00a0Aktionen gegen die Werbeveranstaltung der Bundeswehr <a href=\"http:\/\/www.friedenskooperative.de\/termine.htm\">eingeladen<\/a>. Treffpunkt: Bonngasse, Ecke Sternstra\u00dfe, Bonn, ab 11:30 Uhr.<\/span><\/div>\n<div class=\"\"><\/div>\n<div class=\"\"><span style=\"font-family: Arial;\"><strong class=\"\">Die Mitglieder des Antimilitaristischen Aktionsb\u00fcndnis K\u00f6ln treffen sich um 9 Uhr vor dem Hauptbahnhof K\u00f6ln, um gemeinsam nach Bonn zu fahren.<\/strong><\/span><\/div>\n<div class=\"\"><\/div>\n<div class=\"\"><span style=\"font-family: Arial;\">Gedruckte <a href=\"http:\/\/www.friedenkoeln.de\/wp-content\/uploads\/2016\/05\/Bonner-Friedensb\u00fcndnis_Aufruf-Bonn-11-06-16.pdf\">Flyer<\/a> zum Verteilen k\u00f6nnen beim <a href=\"http:\/\/www.friedenskooperative.de\">Netzwerk Friedenskooperative Bonn<\/a><\/span>\u00a0bestellt werden.<\/div>\n<div class=\"\"><\/div>\n<div class=\"\">#machwaswirklichz\u00e4hlt<\/div>\n<div class=\"\">#TdBw<\/div>\n<div class=\"\">#KTdBw<\/div>\n<p>&nbsp;<\/p>\n","protected":false},"excerpt":{"rendered":"<p>Am Samstag, den\u00a011. Juni 2016\u00a0veranstaltet die Bundeswehr zum zweiten Mal in mehreren deutschen St\u00e4dten den sogenannten &#8222;Tag der Bundeswehr&#8220;.\u00a0In NRW wird die zentrale Veranstaltung auf dem Marktplatz in Bonn\u00a0stattfinden. Bundesweit mobilisieren Friedensgruppen mit Fakten&#46;&#46;&#46;<\/p>\n","protected":false},"author":110,"featured_media":9407,"comment_status":"open","ping_status":"open","sticky":false,"template":"","format":"standard","meta":{"footnotes":""},"categories":[2],"tags":[48,5],"class_list":["post-9409","post","type-post","status-publish","format-standard","has-post-thumbnail","hentry","category-aktionen","tag-bundeswehr","tag-kindersoldaten"],"_links":{"self":[{"href":"https:\/\/www.friedenkoeln.de\/index.php?rest_route=\/wp\/v2\/posts\/9409","targetHints":{"allow":["GET"]}}],"collection":[{"href":"https:\/\/www.friedenkoeln.de\/index.php?rest_route=\/wp\/v2\/posts"}],"about":[{"href":"https:\/\/www.friedenkoeln.de\/index.php?rest_route=\/wp\/v2\/types\/post"}],"author":[{"embeddable":true,"href":"https:\/\/www.friedenkoeln.de\/index.php?rest_route=\/wp\/v2\/users\/110"}],"replies":[{"embeddable":true,"href":"https:\/\/www.friedenkoeln.de\/index.php?rest_route=%2Fwp%2Fv2%2Fcomments&post=9409"}],"version-history":[{"count":8,"href":"https:\/\/www.friedenkoeln.de\/index.php?rest_route=\/wp\/v2\/posts\/9409\/revisions"}],"predecessor-version":[{"id":9423,"href":"https:\/\/www.friedenkoeln.de\/index.php?rest_route=\/wp\/v2\/posts\/9409\/revisions\/9423"}],"wp:featuredmedia":[{"embeddable":true,"href":"https:\/\/www.friedenkoeln.de\/index.php?rest_route=\/wp\/v2\/media\/9407"}],"wp:attachment":[{"href":"https:\/\/www.friedenkoeln.de\/index.php?rest_route=%2Fwp%2Fv2%2Fmedia&parent=9409"}],"wp:term":[{"taxonomy":"category","embeddable":true,"href":"https:\/\/www.friedenkoeln.de\/index.php?rest_route=%2Fwp%2Fv2%2Fcategories&post=9409"},{"taxonomy":"post_tag","embeddable":true,"href":"https:\/\/www.friedenkoeln.de\/index.php?rest_route=%2Fwp%2Fv2%2Ftags&post=9409"}],"curies":[{"name":"wp","href":"https:\/\/api.w.org\/{rel}","templated":true}]}}