{"id":9460,"date":"2016-06-08T22:30:56","date_gmt":"2016-06-08T20:30:56","guid":{"rendered":"http:\/\/www.friedenkoeln.de\/?p=9460"},"modified":"2016-06-08T22:36:24","modified_gmt":"2016-06-08T20:36:24","slug":"waldspaziergang-im-hambacher-forst","status":"publish","type":"post","link":"https:\/\/www.friedenkoeln.de\/?p=9460","title":{"rendered":"Waldspaziergang im Hambacher Forst"},"content":{"rendered":"<blockquote>\n<blockquote>\n<blockquote>\n<pre>Guten Tag zusammen,<\/pre>\n<p>es ist wieder so weit, die n\u00e4chste monatliche F\u00fchrung im Hambacher Wald steht an.<\/p>\n<p>Erneut werden wir zeigen, warum auch der kleine Rest dieses einst m\u00e4chtigen Waldes noch unbedingt sch\u00fctzenswert ist. Und wir werden erneut dar\u00fcber sprechen, wie ein gro\u00dfer Konzern mit der R\u00fcckendeckung von Teilen der Politik unsere Natur und damit Teile der Lebensgrundlage vieler Menschen unwiderbringlich<br \/>\nzerst\u00f6rt.<br \/>\nWie schon seit \u00fcber zwei Jahren zeigen wir Bilder, die die Menschen eigentlich nicht sehen sollen. Wir sprechen mit den Aktiven im Wald und auf der Wiese, gehen zu den Besetzungen, gehen zur Rodungskante mit Blick auf die gefr\u00e4\u00dfigen Braunkohlebagger.<\/p>\n<p>Immer mehr Menschen m\u00f6chten sich ein eigenes Bild machen von dieser sinnlosen Zerst\u00f6rung von unersetzlicher Natur und Lebensr\u00e4umen. Immer mehr Menschen wundern sich, wie jeder Ansatz zu Gespr\u00e4chen, zu einer \u201cSchlichtung\u201d, zu Frieden im Hambacher Wald von einem arroganten Konzern vehement abgelehnt und wie jede Diskussion im Ansatz erstickt wird.<br \/>\nImmer mehr Menschen wollen Gespr\u00e4che, Diskussionen, Perspektiven. Immer mehr Menschen glauben nicht mehr nur die gebetsm\u00fchlenartig wiederholten Berichte der RWE-Pressestelle. Auch immer mehr RWE-Mitarbeiter sind bei den F\u00fchrungen dabei.<\/p>\n<p>Mehr als 3200 TeilnehmerInnen hatten wir bisher, gerade jetzt werden die Anfragen von Lehrerkollegien, Schulklassen und anderen Gruppen immer mehr.<\/p>\n<p>Wie immer ist die Presse herzlich eingeladen. Und bitte alle denkbaren Verteiler zur Ank\u00fcndigung der F\u00fchrungen benutzen, danke&#8230;<\/p>\n<p>*Sonntag, 19. Juni, Der Hambacher Forst \u2013 oder was davon noch \u00fcbrig ist<br \/>\nund vielleicht gerettet werden kann? (weitere Termine 10. Juli, 21.<br \/>\nAugust, 18. September&#8230;)*<\/p>\n<p>12.00 Uhr. Treffpunkt ist der Parkplatz Grillplatz Manheimer B\u00fcrge,<br \/>\nWegbeschreibung: Ausfahrt Merzenich, (n\u00e4chste Ausfahrt hinter oder vor D\u00fcren, der Beschilderung immer Richtung Buir folgen, durch Morschenich (wird auch noch umgesiedelt&#8230;), bis zum Ende der Stra\u00dfe. Links abbiegen bis zum Schild \u201cLotsenstelle 71\u201d , da rechts rein und parken, das ist der besagte Treffpunkt, kurz vor der alten Autobahn, nicht verwirren lassen durch die &#8222;Werkstra\u00dfe&#8220; &#8211; und Sackgasse-Schilder, der Parkplatz ist nach wie vor zug\u00e4nglich!<\/p>\n<p>Anmeldung und weitere Infos bei mir unter 0171-8508321 oder per Mail info@zobel-natur.de<\/p>\n<p>mit sommerlichen Gr\u00fc\u00dfen,<\/p>\n<p>Michael Zobel<\/p><\/blockquote>\n<\/blockquote>\n<\/blockquote>\n","protected":false},"excerpt":{"rendered":"<p>Guten Tag zusammen, es ist wieder so weit, die n\u00e4chste monatliche F\u00fchrung im Hambacher Wald steht an. Erneut werden wir zeigen, warum auch der kleine Rest dieses einst m\u00e4chtigen Waldes noch unbedingt sch\u00fctzenswert ist.&#46;&#46;&#46;<\/p>\n","protected":false},"author":110,"featured_media":0,"comment_status":"open","ping_status":"open","sticky":false,"template":"","format":"standard","meta":{"footnotes":""},"categories":[2],"tags":[36],"class_list":["post-9460","post","type-post","status-publish","format-standard","hentry","category-aktionen","tag-oekologie-und-frieden"],"_links":{"self":[{"href":"https:\/\/www.friedenkoeln.de\/index.php?rest_route=\/wp\/v2\/posts\/9460","targetHints":{"allow":["GET"]}}],"collection":[{"href":"https:\/\/www.friedenkoeln.de\/index.php?rest_route=\/wp\/v2\/posts"}],"about":[{"href":"https:\/\/www.friedenkoeln.de\/index.php?rest_route=\/wp\/v2\/types\/post"}],"author":[{"embeddable":true,"href":"https:\/\/www.friedenkoeln.de\/index.php?rest_route=\/wp\/v2\/users\/110"}],"replies":[{"embeddable":true,"href":"https:\/\/www.friedenkoeln.de\/index.php?rest_route=%2Fwp%2Fv2%2Fcomments&post=9460"}],"version-history":[{"count":3,"href":"https:\/\/www.friedenkoeln.de\/index.php?rest_route=\/wp\/v2\/posts\/9460\/revisions"}],"predecessor-version":[{"id":9463,"href":"https:\/\/www.friedenkoeln.de\/index.php?rest_route=\/wp\/v2\/posts\/9460\/revisions\/9463"}],"wp:attachment":[{"href":"https:\/\/www.friedenkoeln.de\/index.php?rest_route=%2Fwp%2Fv2%2Fmedia&parent=9460"}],"wp:term":[{"taxonomy":"category","embeddable":true,"href":"https:\/\/www.friedenkoeln.de\/index.php?rest_route=%2Fwp%2Fv2%2Fcategories&post=9460"},{"taxonomy":"post_tag","embeddable":true,"href":"https:\/\/www.friedenkoeln.de\/index.php?rest_route=%2Fwp%2Fv2%2Ftags&post=9460"}],"curies":[{"name":"wp","href":"https:\/\/api.w.org\/{rel}","templated":true}]}}