{"id":9467,"date":"2016-06-09T16:57:34","date_gmt":"2016-06-09T14:57:34","guid":{"rendered":"http:\/\/www.friedenkoeln.de\/?p=9467"},"modified":"2016-06-09T16:57:34","modified_gmt":"2016-06-09T14:57:34","slug":"toby-blome-codepink-am-7-4-2016-in-koeln-drohnenkrieg-trifft-die-schwaechsten","status":"publish","type":"post","link":"https:\/\/www.friedenkoeln.de\/?p=9467","title":{"rendered":"Toby Blom\u00e9, CODEPINK, am 7.4.2016 in K\u00f6ln: Drohnenkrieg trifft die Schw\u00e4chsten!"},"content":{"rendered":"<p>Am 7. April 2016 erkl\u00e4rte Toby Blom\u00e9, <a href=\"http:\/\/www.codepink.org\">CODEPINK<\/a> San Francisco \/ USA, in K\u00f6ln die Zusammenh\u00e4nge und barbarischen Folgen des US-Drohnenkriegs, erz\u00e4hlt von den Kriegsopfern und entlarvt die offiziellen Berichte der US-Regierung als Kriegspropaganda und L\u00fcgen. Au\u00dferdem beschreibt sie die\u00a0hartn\u00e4ckigen und phantasievollen Protestaktionen, die ihre Gruppe und weitere Kriegsgegner in den Vereinigten Staaten seit Jahren vor\u00a0der Creech Air Force Base in Nevada organisieren. Creech ist ein f\u00fcr den US-Drohnenkrieg wesentlicher Milit\u00e4rstandort.\u00a0R-mediabase hat die\u00a0<a href=\"https:\/\/youtu.be\/Nr9ujhHKQ5c\">Videodokumentation<\/a>\u00a0(16 Minuten) ihrer Rede mit zahlreichen Fotos in deutscher \u00dcbersetzung ver\u00f6ffentlicht.<\/p>\n","protected":false},"excerpt":{"rendered":"<p>Am 7. April 2016 erkl\u00e4rte Toby Blom\u00e9, CODEPINK San Francisco \/ USA, in K\u00f6ln die Zusammenh\u00e4nge und barbarischen Folgen des US-Drohnenkriegs, erz\u00e4hlt von den Kriegsopfern und entlarvt die offiziellen Berichte der US-Regierung als Kriegspropaganda&#46;&#46;&#46;<\/p>\n","protected":false},"author":110,"featured_media":9469,"comment_status":"open","ping_status":"open","sticky":false,"template":"","format":"standard","meta":{"footnotes":""},"categories":[2],"tags":[40,44,39,47,43],"class_list":["post-9467","post","type-post","status-publish","format-standard","has-post-thumbnail","hentry","category-aktionen","tag-demokratie","tag-drohnen","tag-kampfdrohnen","tag-krieg-gegen-terror","tag-rassismus"],"_links":{"self":[{"href":"https:\/\/www.friedenkoeln.de\/index.php?rest_route=\/wp\/v2\/posts\/9467","targetHints":{"allow":["GET"]}}],"collection":[{"href":"https:\/\/www.friedenkoeln.de\/index.php?rest_route=\/wp\/v2\/posts"}],"about":[{"href":"https:\/\/www.friedenkoeln.de\/index.php?rest_route=\/wp\/v2\/types\/post"}],"author":[{"embeddable":true,"href":"https:\/\/www.friedenkoeln.de\/index.php?rest_route=\/wp\/v2\/users\/110"}],"replies":[{"embeddable":true,"href":"https:\/\/www.friedenkoeln.de\/index.php?rest_route=%2Fwp%2Fv2%2Fcomments&post=9467"}],"version-history":[{"count":2,"href":"https:\/\/www.friedenkoeln.de\/index.php?rest_route=\/wp\/v2\/posts\/9467\/revisions"}],"predecessor-version":[{"id":9470,"href":"https:\/\/www.friedenkoeln.de\/index.php?rest_route=\/wp\/v2\/posts\/9467\/revisions\/9470"}],"wp:featuredmedia":[{"embeddable":true,"href":"https:\/\/www.friedenkoeln.de\/index.php?rest_route=\/wp\/v2\/media\/9469"}],"wp:attachment":[{"href":"https:\/\/www.friedenkoeln.de\/index.php?rest_route=%2Fwp%2Fv2%2Fmedia&parent=9467"}],"wp:term":[{"taxonomy":"category","embeddable":true,"href":"https:\/\/www.friedenkoeln.de\/index.php?rest_route=%2Fwp%2Fv2%2Fcategories&post=9467"},{"taxonomy":"post_tag","embeddable":true,"href":"https:\/\/www.friedenkoeln.de\/index.php?rest_route=%2Fwp%2Fv2%2Ftags&post=9467"}],"curies":[{"name":"wp","href":"https:\/\/api.w.org\/{rel}","templated":true}]}}