{"id":9471,"date":"2016-06-10T06:00:39","date_gmt":"2016-06-10T04:00:39","guid":{"rendered":"http:\/\/www.friedenkoeln.de\/?p=9471"},"modified":"2016-06-09T18:16:02","modified_gmt":"2016-06-09T16:16:02","slug":"roland-blach-dfg-vk-am-7-4-2016-in-koeln-atomwaffen-verbieten-nicht-aufruesten","status":"publish","type":"post","link":"https:\/\/www.friedenkoeln.de\/?p=9471","title":{"rendered":"Roland Blach, DFG-VK, am 7.4.2016 in K\u00f6ln: Atomwaffen verbieten, nicht aufr\u00fcsten!"},"content":{"rendered":"<p>Am 7. April 2016 <a href=\"https:\/\/youtu.be\/aDmgeX5ZG4U\">berichtete<\/a>\u00a0Roland Blach, der Gesch\u00e4ftsf\u00fchrer des\u00a0<a href=\"http:\/\/bawue.dfg-vk.de\/startseite\/\">DFG-VK Landesverbands Baden-W\u00fcrttemberg<\/a>, in K\u00f6ln \u00fcber die nukleare Aufr\u00fcstung, welche die US-Regierung auch f\u00fcr die in Deutschland stationierten Atomsprengk\u00f6pfe beschlossen hat. Die Bundesregierung, welche vorgibt, davon nichts zu wissen, hat dies im NATO-Verband ganz offensichtlich gebilligt.<\/p>\n<p><!--more-->Bei\u00a0den Vereinten Nationen arbeitet eine gro\u00dfe Anzahl an Staaten an der \u00c4chtung dieser Waffen; die Bundesregierung hat es 2015 abgelehnt, diese Initiative zu unterst\u00fctzen &#8211;\u00a0trotz ihrer im\u00a0<a href=\"https:\/\/www.cdu.de\/sites\/default\/files\/media\/dokumente\/koalitionsvertrag.pdf\">Koalitionsvertrag<\/a>\u00a0(S. 118) formulierten\u00a0Abr\u00fcstungsabsicht!<\/p>\n<p>Roland Blach erkl\u00e4rt, warum es gerade jetzt wichtig ist, aktiv gegen die Aufr\u00fcstung einzutreten, und wie der gewaltfreie Widerstand \u00fcber die Kampagne\u00a0<a href=\"http:\/\/www.atomwaffenfrei.de\/home.html\">Atomwaffenfrei<\/a> organisiert wird.<\/p>\n","protected":false},"excerpt":{"rendered":"<p>Am 7. April 2016 berichtete\u00a0Roland Blach, der Gesch\u00e4ftsf\u00fchrer des\u00a0DFG-VK Landesverbands Baden-W\u00fcrttemberg, in K\u00f6ln \u00fcber die nukleare Aufr\u00fcstung, welche die US-Regierung auch f\u00fcr die in Deutschland stationierten Atomsprengk\u00f6pfe beschlossen hat. Die Bundesregierung, welche vorgibt, davon&#46;&#46;&#46;<\/p>\n","protected":false},"author":110,"featured_media":9473,"comment_status":"open","ping_status":"open","sticky":false,"template":"","format":"standard","meta":{"footnotes":""},"categories":[2],"tags":[42,33],"class_list":["post-9471","post","type-post","status-publish","format-standard","has-post-thumbnail","hentry","category-aktionen","tag-abruestung","tag-atomwaffen"],"_links":{"self":[{"href":"https:\/\/www.friedenkoeln.de\/index.php?rest_route=\/wp\/v2\/posts\/9471","targetHints":{"allow":["GET"]}}],"collection":[{"href":"https:\/\/www.friedenkoeln.de\/index.php?rest_route=\/wp\/v2\/posts"}],"about":[{"href":"https:\/\/www.friedenkoeln.de\/index.php?rest_route=\/wp\/v2\/types\/post"}],"author":[{"embeddable":true,"href":"https:\/\/www.friedenkoeln.de\/index.php?rest_route=\/wp\/v2\/users\/110"}],"replies":[{"embeddable":true,"href":"https:\/\/www.friedenkoeln.de\/index.php?rest_route=%2Fwp%2Fv2%2Fcomments&post=9471"}],"version-history":[{"count":7,"href":"https:\/\/www.friedenkoeln.de\/index.php?rest_route=\/wp\/v2\/posts\/9471\/revisions"}],"predecessor-version":[{"id":9479,"href":"https:\/\/www.friedenkoeln.de\/index.php?rest_route=\/wp\/v2\/posts\/9471\/revisions\/9479"}],"wp:featuredmedia":[{"embeddable":true,"href":"https:\/\/www.friedenkoeln.de\/index.php?rest_route=\/wp\/v2\/media\/9473"}],"wp:attachment":[{"href":"https:\/\/www.friedenkoeln.de\/index.php?rest_route=%2Fwp%2Fv2%2Fmedia&parent=9471"}],"wp:term":[{"taxonomy":"category","embeddable":true,"href":"https:\/\/www.friedenkoeln.de\/index.php?rest_route=%2Fwp%2Fv2%2Fcategories&post=9471"},{"taxonomy":"post_tag","embeddable":true,"href":"https:\/\/www.friedenkoeln.de\/index.php?rest_route=%2Fwp%2Fv2%2Ftags&post=9471"}],"curies":[{"name":"wp","href":"https:\/\/api.w.org\/{rel}","templated":true}]}}