{"id":9480,"date":"2016-07-13T07:00:56","date_gmt":"2016-07-13T05:00:56","guid":{"rendered":"http:\/\/www.friedenkoeln.de\/?p=9480"},"modified":"2016-07-13T00:44:56","modified_gmt":"2016-07-12T22:44:56","slug":"zivilklausel-hochschullehrer-beendet-arbeit-fuer-hochschule-bremen","status":"publish","type":"post","link":"https:\/\/www.friedenkoeln.de\/?p=9480","title":{"rendered":"Zivilklausel: Hochschullehrer beendet Arbeit f\u00fcr Hochschule Bremen"},"content":{"rendered":"<p>Der Diplom-Psychologe Ralf E. Streibl, Lehrbeauftragter im\u00a0Bereich &#8222;Informatik und Gesellschaft&#8220; hat am 18. Mai 2016 mit\u00a0einem\u00a0<a href=\"http:\/\/www.kramschubla.de\/hsb\/HSB.pdf\">Offenen Brief<\/a> an die Rektorin der Hochschule Bremen, Frau Prof. Dr. Karin Luckey, seine langj\u00e4hrige Arbeit f\u00fcr die Hochschule beendet.<\/p>\n<p>Die Hochschule Bremen hat einen dualen\u00a0Informatikstudiengang\u00a0in Kooperation mit der Bundeswehr eingerichtet. Streibl kritisiert, <!--more-->\u00a0dass dies der <a href=\"http:\/\/www.hs-bremen.de\/internet\/de\/hsb\/zivilklausel\/\">Zivilklausel<\/a> widerspreche, welche die Hochschule 2012 bekr\u00e4ftigt habe. Desweiteren beruft er sich auf das so genannte\u00a0<a href=\"https:\/\/pugwash.org\/1955\/07\/09\/statement-manifesto\/\">Russell-Einstein-Manifest<\/a>, ein Positionspapier, das 1955 von\u00a0Albert Einstein, Bertrand Russell und weiteren Wissenschaftlern\u00a0zur Verantwortung der Wissenschaft f\u00fcr den Frieden verfasst wurde. Streibl schreibt: &#8222;Wissenschafterlinnen und Wissenschaftler sind dem Rahmen (&#8230;), in dem sie t\u00e4tig werden, nicht passiv-hilflos ausgesetzt. (Sie sind) (&#8230;) gefordert, sich proaktiv mit (&#8230;) der eigenen Verantwortung auseinanderzusetzen und sie m\u00fcssen dann letztendlich f\u00fcr sich individuelle Entscheidungen treffen.&#8220;<\/p>\n<p>Ralf E. Streibl ist im Beirat des\u00a0Forum InformatikerInnen f\u00fcr Frieden und gesellschaftliche Verantwortung (<a href=\"http:\/\/www.fiff.de\">FIfF<\/a>). Seine in dem Offenen Brief ausgef\u00fchrte\u00a0Argumentation kann auch anderen Wissenschaftlerinnen und Wissenschaftlern Anregung sein, sich mit der eigenen Rolle und Verantwortung auseinanderzusetzen. Die Universit\u00e4t zu K\u00f6ln hat \u00fcbrigens <a href=\"http:\/\/zivilklausel.de\">seit 2015<\/a> eine Zivilklausel.<\/p>\n<p>&nbsp;<\/p>\n<p>&nbsp;<\/p>\n<p>&nbsp;<\/p>\n","protected":false},"excerpt":{"rendered":"<p>Der Diplom-Psychologe Ralf E. Streibl, Lehrbeauftragter im\u00a0Bereich &#8222;Informatik und Gesellschaft&#8220; hat am 18. Mai 2016 mit\u00a0einem\u00a0Offenen Brief an die Rektorin der Hochschule Bremen, Frau Prof. Dr. Karin Luckey, seine langj\u00e4hrige Arbeit f\u00fcr die Hochschule&#46;&#46;&#46;<\/p>\n","protected":false},"author":110,"featured_media":0,"comment_status":"open","ping_status":"open","sticky":false,"template":"","format":"standard","meta":{"footnotes":""},"categories":[2],"tags":[40,63,3,62,64],"class_list":["post-9480","post","type-post","status-publish","format-standard","hentry","category-aktionen","tag-demokratie","tag-informatik","tag-pazifismus","tag-wissenschaft","tag-zivilcourage"],"_links":{"self":[{"href":"https:\/\/www.friedenkoeln.de\/index.php?rest_route=\/wp\/v2\/posts\/9480","targetHints":{"allow":["GET"]}}],"collection":[{"href":"https:\/\/www.friedenkoeln.de\/index.php?rest_route=\/wp\/v2\/posts"}],"about":[{"href":"https:\/\/www.friedenkoeln.de\/index.php?rest_route=\/wp\/v2\/types\/post"}],"author":[{"embeddable":true,"href":"https:\/\/www.friedenkoeln.de\/index.php?rest_route=\/wp\/v2\/users\/110"}],"replies":[{"embeddable":true,"href":"https:\/\/www.friedenkoeln.de\/index.php?rest_route=%2Fwp%2Fv2%2Fcomments&post=9480"}],"version-history":[{"count":7,"href":"https:\/\/www.friedenkoeln.de\/index.php?rest_route=\/wp\/v2\/posts\/9480\/revisions"}],"predecessor-version":[{"id":9657,"href":"https:\/\/www.friedenkoeln.de\/index.php?rest_route=\/wp\/v2\/posts\/9480\/revisions\/9657"}],"wp:attachment":[{"href":"https:\/\/www.friedenkoeln.de\/index.php?rest_route=%2Fwp%2Fv2%2Fmedia&parent=9480"}],"wp:term":[{"taxonomy":"category","embeddable":true,"href":"https:\/\/www.friedenkoeln.de\/index.php?rest_route=%2Fwp%2Fv2%2Fcategories&post=9480"},{"taxonomy":"post_tag","embeddable":true,"href":"https:\/\/www.friedenkoeln.de\/index.php?rest_route=%2Fwp%2Fv2%2Ftags&post=9480"}],"curies":[{"name":"wp","href":"https:\/\/api.w.org\/{rel}","templated":true}]}}