{"id":9485,"date":"2016-06-13T08:55:25","date_gmt":"2016-06-13T06:55:25","guid":{"rendered":"http:\/\/www.friedenkoeln.de\/?p=9485"},"modified":"2016-06-16T17:53:49","modified_gmt":"2016-06-16T15:53:49","slug":"regen-und-sonne-in-ramstein-bewegende-kundgebung-fuer-den-frieden","status":"publish","type":"post","link":"https:\/\/www.friedenkoeln.de\/?p=9485","title":{"rendered":"Regen und Sonne in Ramstein &#8211; bewegende Kundgebung f\u00fcr den Frieden"},"content":{"rendered":"<p>&nbsp;<\/p>\n<p>&nbsp;<\/p>\n<p>Von Robert Hahn.<br \/>\nAm Samstag, den 11. Juni 2016, fanden unter dem Motto &#8222;Stopp Ramstein&#8220; in Kaiserslautern, Landstuhl und Ramstein-Miesenbach zun\u00e4chst ab zw\u00f6lf Uhr mittags drei getrennte Kundgebungen statt, die sp\u00e4ter zu einer Menschenkette vereinigt werden sollten. Insbesondere die \u00fcber Ramstein gesteuerten Drohnenmorde und die imperialen Eins\u00e4tze der Vereinigten Staaten und der NATO von diesem Milit\u00e4rst\u00fctzpunkt aus standen im Fokus der Demonstrierenden. Wir, eine kleine Gruppe von Aktiven und Freunden der K\u00f6lner DFG-VK, <!--more-->standen nach etwa zweist\u00fcndiger Autofahrt mit etwa 500 Friedensaktivisten bei der Kundgebung in Landstuhl und h\u00f6rten dort Reden von (unter anderen) Roland Blach, dem Landesgesch\u00e4ftsf\u00fchrer der DFG-VK Baden-W\u00fcrttemberg, und Ray McGovern, einem ehemaligen Analysten der CIA.<\/p>\n<div id=\"attachment_9488\" style=\"width: 330px\" class=\"wp-caption alignleft\"><a href=\"http:\/\/www.friedenkoeln.de\/wp-content\/uploads\/2016\/06\/IMG_20160611_121540.jpg\" data-id=\"9488\" data-rel=\"lightbox-image-0\" data-rl_title=\"\" data-rl_caption=\"\" title=\"\"><img loading=\"lazy\" decoding=\"async\" aria-describedby=\"caption-attachment-9488\" class=\"wp-image-9488 size-medium\" src=\"http:\/\/www.friedenkoeln.de\/wp-content\/uploads\/2016\/06\/IMG_20160611_121540-320x190.jpg\" alt=\"Bestens gelaunt im Regen - Aktivistin mit Friedenstaube \" width=\"320\" height=\"190\" \/><\/a><p id=\"caption-attachment-9488\" class=\"wp-caption-text\">Bestens gelaunt im Regen &#8211; Aktivistin mit Friedenstaube<\/p><\/div>\n<p>Bei leichtem Nieselwetter sorgten auch einige Musiker f\u00fcr gute Stimmung. \u201eRene Rebell\u201c demonstrierte \u00fcberzeugend, dass auch Rap politisch und intelligent sein kann, und die Gruppe \u201eLauscher\u201c brachte einmal mehr die S\u00e4ge zum &#8222;Singen\u201c und mit der jiddischen Originalversion des weltbekannten Liedes \u201eDonna Donna\u201c (\u201eDos kelbl\u201c) zumindest mir eine G\u00e4nsehaut.<\/p>\n<div class=\"mceTemp\"><\/div>\n<p>Darauf wurde die Menge der Demonstrierenden bei dieser Kundgebung von den vielen freiwilligen und ortskundigen Organisatoren und Organisatorinnen getrennt und auf einige Stra\u00dfen verteilt. Es sollte eine Menschenkette gebildet werden, was auch gelang. Sie konnte nur nicht, wie urspr\u00fcnglich gedacht, zwischen Kaiserslautern und der Airbase vollst\u00e4ndig geschlossen werden. Ein Zeichen wurde hier allemal gesetzt und auch das Zeichen, dass es noch Reihen gibt, die geschlossen werden m\u00fcssen! Schlie\u00dflich wurde noch eine gemeinsame Menschenkette vor dem Bahnhof in Landstuhl gebildet.<\/p>\n<p>Nach Beendigung der Kette im str\u00f6menden Sommerregen ging es schlie\u00dflich zu Fu\u00df\u00a0 weiter zur Airbase. In unmittelbarer N\u00e4he zur Startbahn auf der anderen Seite des Zauns und nicht zu weit vom Zeltplatz &#8211; \u00fcber 500 der Demonstrierenden hatten bereits die Kundgebungen am Vortrag besucht und im Zelt \u00fcbernachtet &#8211; war eine gro\u00dfe B\u00fchne aufgebaut, auf der die Abschlusskundgebung stattfinden sollte. Bei endlich warmem Sonnenschein h\u00f6rten wir dort mit etwa 5000 weiteren Pazifisten und Pazifistinnen Reden von Ray McGovern, Alexander Ulrich (MdB, Die Linke), Roland Vogt (Konversionsexperte) und Mohamed-Bashar Alajloub, einem aus Syrien gefl\u00fcchteten jungen Mann, w\u00e4hrend die riesigen milit\u00e4rischen Transportflugzeuge \u00fcber uns flogen.<\/p>\n<div id=\"attachment_9490\" style=\"width: 330px\" class=\"wp-caption alignright\"><a href=\"http:\/\/www.friedenkoeln.de\/wp-content\/uploads\/2016\/06\/IMG_20160611_163316.jpg\" data-id=\"9490\" data-rel=\"lightbox-image-1\" data-rl_title=\"\" data-rl_caption=\"\" title=\"\"><img loading=\"lazy\" decoding=\"async\" aria-describedby=\"caption-attachment-9490\" class=\"wp-image-9490 size-medium\" src=\"http:\/\/www.friedenkoeln.de\/wp-content\/uploads\/2016\/06\/IMG_20160611_163316-320x190.jpg\" alt=\"Friedensdemo vor der Hauptzufahrt zur Ramstein Air Base\" width=\"320\" height=\"190\" \/><\/a><p id=\"caption-attachment-9490\" class=\"wp-caption-text\">Friedensdemo vor der Hauptzufahrt zur Ramstein Air Base<\/p><\/div>\n<p>Mit dem St\u00fcck \u201eWir sind eins\u201c wurde die Abschlusskundgebung beendet, bei dem sich viele der Demonstrierenden an den H\u00e4nden und in den Armen hielten. Rainer Braun, Gesch\u00e4ftsf\u00fchrer der IALANA, der \u201eInternational Association of Lawyers against Nuclear Arms&#8220; und Moderator der Kundgebung, verabschiedete die G\u00e4ste, die sich wieder auf den Heimweg machten. Es war inzwischen sechs Uhr, und wir brachen auch zur\u00fcck nach K\u00f6ln auf. Eine sehr gelungene und sehr gut organisierte Aktion \u201eStopp Ramstein\u201c und ein sch\u00f6ner und bewegender Tag des Friedens ging zu Ende.<\/p>\n<p>&nbsp;<\/p>\n<p>Weitere Informationen finden sich auf der <a href=\"http:\/\/www.ramstein-kampagne.eu\">Kampagnen-Seite<\/a>. Viele Medien berichteten, darunter der <a href=\"http:\/\/www.swr.de\/landesschau-aktuell\/rp\/zwischen-kaiserslautern-und-ramstein-menschenkette-gegen-den-drohnenkrieg\/-\/id=1682\/did=17582596\/nid=1682\/1tcd01x\/index.html\">SWR<\/a>.<\/p>\n<p>Die Rede des Landesgesch\u00e4ftsf\u00fchrers der DFG-VK Bayern, Tommy R\u00f6dl, kan <a href=\"https:\/\/www.youtube.com\/watch?v=xLCdNb9fhsY&amp;feature=youtu.be\">hier <\/a><\/p>\n<p>gesehen und geh\u00f6rt werden und\u00a0<a href=\"http:\/\/www.friedenkoeln.de\/wp-content\/uploads\/2016\/06\/Rede-Ramstein-R\u00f6dl-Abschrift-red.doc\">hier<\/a> nachgelesen werden.<\/p>\n<p>&nbsp;<\/p>\n<p>&nbsp;<\/p>\n<p>&nbsp;<\/p>\n<p>&nbsp;<\/p>\n","protected":false},"excerpt":{"rendered":"<p>&nbsp; &nbsp; Von Robert Hahn. Am Samstag, den 11. Juni 2016, fanden unter dem Motto &#8222;Stopp Ramstein&#8220; in Kaiserslautern, Landstuhl und Ramstein-Miesenbach zun\u00e4chst ab zw\u00f6lf Uhr mittags drei getrennte Kundgebungen statt, die sp\u00e4ter zu&#46;&#46;&#46;<\/p>\n","protected":false},"author":110,"featured_media":9487,"comment_status":"open","ping_status":"open","sticky":false,"template":"","format":"standard","meta":{"footnotes":""},"categories":[2],"tags":[39,56,47,27,57,58,3],"class_list":{"0":"post-9485","1":"post","2":"type-post","3":"status-publish","4":"format-standard","5":"has-post-thumbnail","6":"hentry","7":"category-aktionen","8":"tag-kampfdrohnen","9":"tag-konversion","10":"tag-krieg-gegen-terror","11":"tag-kultur","12":"tag-musik","14":"tag-pazifismus"},"_links":{"self":[{"href":"https:\/\/www.friedenkoeln.de\/index.php?rest_route=\/wp\/v2\/posts\/9485","targetHints":{"allow":["GET"]}}],"collection":[{"href":"https:\/\/www.friedenkoeln.de\/index.php?rest_route=\/wp\/v2\/posts"}],"about":[{"href":"https:\/\/www.friedenkoeln.de\/index.php?rest_route=\/wp\/v2\/types\/post"}],"author":[{"embeddable":true,"href":"https:\/\/www.friedenkoeln.de\/index.php?rest_route=\/wp\/v2\/users\/110"}],"replies":[{"embeddable":true,"href":"https:\/\/www.friedenkoeln.de\/index.php?rest_route=%2Fwp%2Fv2%2Fcomments&post=9485"}],"version-history":[{"count":8,"href":"https:\/\/www.friedenkoeln.de\/index.php?rest_route=\/wp\/v2\/posts\/9485\/revisions"}],"predecessor-version":[{"id":9520,"href":"https:\/\/www.friedenkoeln.de\/index.php?rest_route=\/wp\/v2\/posts\/9485\/revisions\/9520"}],"wp:featuredmedia":[{"embeddable":true,"href":"https:\/\/www.friedenkoeln.de\/index.php?rest_route=\/wp\/v2\/media\/9487"}],"wp:attachment":[{"href":"https:\/\/www.friedenkoeln.de\/index.php?rest_route=%2Fwp%2Fv2%2Fmedia&parent=9485"}],"wp:term":[{"taxonomy":"category","embeddable":true,"href":"https:\/\/www.friedenkoeln.de\/index.php?rest_route=%2Fwp%2Fv2%2Fcategories&post=9485"},{"taxonomy":"post_tag","embeddable":true,"href":"https:\/\/www.friedenkoeln.de\/index.php?rest_route=%2Fwp%2Fv2%2Ftags&post=9485"}],"curies":[{"name":"wp","href":"https:\/\/api.w.org\/{rel}","templated":true}]}}