{"id":9499,"date":"2016-06-14T08:00:36","date_gmt":"2016-06-14T06:00:36","guid":{"rendered":"http:\/\/www.friedenkoeln.de\/?p=9499"},"modified":"2016-06-13T20:02:30","modified_gmt":"2016-06-13T18:02:30","slug":"koelner-bundestagsabgeordnete-der-gruenen-antworten-auf-unsere-fragen-zum-syrieneinsatz-der-bundeswehr","status":"publish","type":"post","link":"https:\/\/www.friedenkoeln.de\/?p=9499","title":{"rendered":"K\u00f6lner Bundestagsabgeordnete der Gr\u00fcnen antworten auf unsere Fragen zum Syrieneinsatz der Bundeswehr"},"content":{"rendered":"<p><span class=\"sd-abs-pos\">K\u00f6lner Friedensgruppen\u00a0hatten &#8211; wie bereits berichtet &#8211; am 2. M\u00e4rz 2016 s\u00e4mtliche K\u00f6lner Bundestagsabgeordnete zu ihrer Abstimmung \u00fcber den Bundeswehreinsatz in Syrien am 4. Dezember\u00a02015\u00a0<a href=\"http:\/\/www.friedenkoeln.de\/wp-content\/uploads\/2016\/03\/AK-Geopolitik-Frieden-a-MdBs_Genehmigung-BW-Einsatz-20151204.pdf\">befragt<\/a>.<\/span><\/p>\n<p>Nach den\u00a0<a href=\"http:\/\/www.friedenkoeln.de\/wp-content\/uploads\/2016\/03\/K\u00f6lner-MdBs-SPD_160317_Antworten-auf-Friedensinitiative-wegen-Syrien-Einsatz.pdf\">Abgeordneten der\u00a0SPD<\/a>,\u00a0dem\u00a0<a href=\"http:\/\/www.friedenkoeln.de\/wp-content\/uploads\/2016\/05\/Matthias-Birkwald_Einsatz-der-Bundeswehr-in-Syrien_20160509.pdf\">Abgeordneten der Linken<\/a>\u00a0und den\u00a0K\u00f6lner <a href=\"http:\/\/www.friedenkoeln.de\/wp-content\/uploads\/2016\/05\/Gisela-Manderla-et-al_Antworten-auf-Fragenkatalog-Friedensforum_20160524.pdf\">CDU-Mitgliedern<\/a> des Deutschen Bundestages antworteten nun auch die beiden Abgeordneten der Gr\u00fcnen Volker Beck und Katharina Dr\u00f6ge in einem\u00a0<a href=\"http:\/\/www.friedenkoeln.de\/wp-content\/uploads\/2016\/06\/Volker-Beck_Katharina-Dr\u00f6ge_Antworten-auf-Fragen-zum-Syrieneinsatz-BW_20160613.pdf\">Schreiben<\/a>, das uns am\u00a013. Juni 2016 zugeschickt wurde.<\/p>\n<p>&nbsp;<\/p>\n<p>&nbsp;<\/p>\n","protected":false},"excerpt":{"rendered":"<p>K\u00f6lner Friedensgruppen\u00a0hatten &#8211; wie bereits berichtet &#8211; am 2. M\u00e4rz 2016 s\u00e4mtliche K\u00f6lner Bundestagsabgeordnete zu ihrer Abstimmung \u00fcber den Bundeswehreinsatz in Syrien am 4. Dezember\u00a02015\u00a0befragt. Nach den\u00a0Abgeordneten der\u00a0SPD,\u00a0dem\u00a0Abgeordneten der Linken\u00a0und den\u00a0K\u00f6lner CDU-Mitgliedern des Deutschen&#46;&#46;&#46;<\/p>\n","protected":false},"author":110,"featured_media":9505,"comment_status":"open","ping_status":"open","sticky":false,"template":"","format":"standard","meta":{"footnotes":""},"categories":[2],"tags":[49,48,47],"class_list":["post-9499","post","type-post","status-publish","format-standard","has-post-thumbnail","hentry","category-aktionen","tag-bundestag","tag-bundeswehr","tag-krieg-gegen-terror"],"_links":{"self":[{"href":"https:\/\/www.friedenkoeln.de\/index.php?rest_route=\/wp\/v2\/posts\/9499","targetHints":{"allow":["GET"]}}],"collection":[{"href":"https:\/\/www.friedenkoeln.de\/index.php?rest_route=\/wp\/v2\/posts"}],"about":[{"href":"https:\/\/www.friedenkoeln.de\/index.php?rest_route=\/wp\/v2\/types\/post"}],"author":[{"embeddable":true,"href":"https:\/\/www.friedenkoeln.de\/index.php?rest_route=\/wp\/v2\/users\/110"}],"replies":[{"embeddable":true,"href":"https:\/\/www.friedenkoeln.de\/index.php?rest_route=%2Fwp%2Fv2%2Fcomments&post=9499"}],"version-history":[{"count":3,"href":"https:\/\/www.friedenkoeln.de\/index.php?rest_route=\/wp\/v2\/posts\/9499\/revisions"}],"predecessor-version":[{"id":9504,"href":"https:\/\/www.friedenkoeln.de\/index.php?rest_route=\/wp\/v2\/posts\/9499\/revisions\/9504"}],"wp:featuredmedia":[{"embeddable":true,"href":"https:\/\/www.friedenkoeln.de\/index.php?rest_route=\/wp\/v2\/media\/9505"}],"wp:attachment":[{"href":"https:\/\/www.friedenkoeln.de\/index.php?rest_route=%2Fwp%2Fv2%2Fmedia&parent=9499"}],"wp:term":[{"taxonomy":"category","embeddable":true,"href":"https:\/\/www.friedenkoeln.de\/index.php?rest_route=%2Fwp%2Fv2%2Fcategories&post=9499"},{"taxonomy":"post_tag","embeddable":true,"href":"https:\/\/www.friedenkoeln.de\/index.php?rest_route=%2Fwp%2Fv2%2Ftags&post=9499"}],"curies":[{"name":"wp","href":"https:\/\/api.w.org\/{rel}","templated":true}]}}