{"id":9509,"date":"2016-06-15T21:37:23","date_gmt":"2016-06-15T19:37:23","guid":{"rendered":"http:\/\/www.friedenkoeln.de\/?p=9509"},"modified":"2016-06-15T21:37:55","modified_gmt":"2016-06-15T19:37:55","slug":"klimacamp-rheinland","status":"publish","type":"post","link":"https:\/\/www.friedenkoeln.de\/?p=9509","title":{"rendered":"Klimacamp Rheinland"},"content":{"rendered":"<p>Vor den Toren K\u00f6lns befindet sich mit dem Braunkohletagebau und der Stromerzeugung aus Braunkohle der gr\u00f6\u00dfte CO2-Emittent Europas &#8211; der Klimawandel wird in unserer Region kr\u00e4ftig angheizt.<\/p>\n<p>Im Klimacamp vom 19. &#8211; 29. 8. 16 wird \u00fcber M\u00f6glichkeiten des Widerstands und Alternativen beraten.<\/p>\n<p><a href=\"https:\/\/vimeo.com\/168223499\">Video<\/a><\/p>\n<p><a href=\"http:\/\/www.klimacamp-im-rheinland.de\/\">http:\/\/www.klimacamp-im-rheinland.de\/<\/a><\/p>\n<p><a href=\"http:\/\/www.friedenkoeln.de\/wp-content\/uploads\/2016\/06\/Klimacamp16.jpg\" data-id=\"9510\" data-rel=\"lightbox-image-0\" data-rl_title=\"\" data-rl_caption=\"\" title=\"\"><img loading=\"lazy\" decoding=\"async\" class=\"alignnone size-thumbnail wp-image-9510\" src=\"http:\/\/www.friedenkoeln.de\/wp-content\/uploads\/2016\/06\/Klimacamp16-150x150.jpg\" alt=\"Klimacamp16\" width=\"150\" height=\"150\" srcset=\"https:\/\/www.friedenkoeln.de\/wp-content\/uploads\/2016\/06\/Klimacamp16-150x150.jpg 150w, https:\/\/www.friedenkoeln.de\/wp-content\/uploads\/2016\/06\/Klimacamp16-65x65.jpg 65w\" sizes=\"auto, (max-width: 150px) 100vw, 150px\" \/><\/a><\/p>\n","protected":false},"excerpt":{"rendered":"<p>Vor den Toren K\u00f6lns befindet sich mit dem Braunkohletagebau und der Stromerzeugung aus Braunkohle der gr\u00f6\u00dfte CO2-Emittent Europas &#8211; der Klimawandel wird in unserer Region kr\u00e4ftig angheizt. Im Klimacamp vom 19. &#8211; 29. 8.&#46;&#46;&#46;<\/p>\n","protected":false},"author":110,"featured_media":9510,"comment_status":"open","ping_status":"open","sticky":false,"template":"","format":"standard","meta":{"footnotes":""},"categories":[2],"tags":[32,36],"class_list":["post-9509","post","type-post","status-publish","format-standard","has-post-thumbnail","hentry","category-aktionen","tag-information-diskussion","tag-oekologie-und-frieden"],"_links":{"self":[{"href":"https:\/\/www.friedenkoeln.de\/index.php?rest_route=\/wp\/v2\/posts\/9509","targetHints":{"allow":["GET"]}}],"collection":[{"href":"https:\/\/www.friedenkoeln.de\/index.php?rest_route=\/wp\/v2\/posts"}],"about":[{"href":"https:\/\/www.friedenkoeln.de\/index.php?rest_route=\/wp\/v2\/types\/post"}],"author":[{"embeddable":true,"href":"https:\/\/www.friedenkoeln.de\/index.php?rest_route=\/wp\/v2\/users\/110"}],"replies":[{"embeddable":true,"href":"https:\/\/www.friedenkoeln.de\/index.php?rest_route=%2Fwp%2Fv2%2Fcomments&post=9509"}],"version-history":[{"count":2,"href":"https:\/\/www.friedenkoeln.de\/index.php?rest_route=\/wp\/v2\/posts\/9509\/revisions"}],"predecessor-version":[{"id":9512,"href":"https:\/\/www.friedenkoeln.de\/index.php?rest_route=\/wp\/v2\/posts\/9509\/revisions\/9512"}],"wp:featuredmedia":[{"embeddable":true,"href":"https:\/\/www.friedenkoeln.de\/index.php?rest_route=\/wp\/v2\/media\/9510"}],"wp:attachment":[{"href":"https:\/\/www.friedenkoeln.de\/index.php?rest_route=%2Fwp%2Fv2%2Fmedia&parent=9509"}],"wp:term":[{"taxonomy":"category","embeddable":true,"href":"https:\/\/www.friedenkoeln.de\/index.php?rest_route=%2Fwp%2Fv2%2Fcategories&post=9509"},{"taxonomy":"post_tag","embeddable":true,"href":"https:\/\/www.friedenkoeln.de\/index.php?rest_route=%2Fwp%2Fv2%2Ftags&post=9509"}],"curies":[{"name":"wp","href":"https:\/\/api.w.org\/{rel}","templated":true}]}}