{"id":9521,"date":"2016-06-17T23:16:01","date_gmt":"2016-06-17T21:16:01","guid":{"rendered":"http:\/\/www.friedenkoeln.de\/?p=9521"},"modified":"2016-06-28T18:37:29","modified_gmt":"2016-06-28T16:37:29","slug":"dfg-vk-gruppe-koeln-blockierte-atomwaffenstandort","status":"publish","type":"post","link":"https:\/\/www.friedenkoeln.de\/?p=9521","title":{"rendered":"DFG-VK Gruppe K\u00f6ln blockierte Atomwaffenstandort"},"content":{"rendered":"<p class=\"western\">\n<p class=\"western\">Und eines Morgens in aller Fr\u00fche machten sich drei aus der K\u00f6lner DFG-VK-Gruppe auf, um den Atomwaffenst\u00fctzpunkt B\u00fcchel zu blockieren. Mit zwei Bannern \u2013 \u201eatomwaffenfrei jetzt!\u201c und \u201eUnsere Zukunft atomwaffenfrei!\u201c \u2013 konnten wir allerdings nur eine Fahrbahn dicht machen. Hinter uns schlossen die Soldaten das Tor. Das war prima, <!--more-->so konnten wir auf die andere Seite wechseln und hatten auf diese Weise die Zufahrt komplett blockiert. Nat\u00fcrlich w\u00e4hrte es <a href=\"http:\/\/www.friedenkoeln.de\/wp-content\/uploads\/2016\/06\/B\u00fcchel-Blockade16.jpg\" data-id=\"9522\" data-rel=\"lightbox-image-0\" data-rl_title=\"\" data-rl_caption=\"\" title=\"\"><img loading=\"lazy\" decoding=\"async\" class=\"size-thumbnail wp-image-9522 alignleft\" src=\"http:\/\/www.friedenkoeln.de\/wp-content\/uploads\/2016\/06\/B\u00fcchel-Blockade16-150x150.jpg\" alt=\"B\u00fcchel-Blockade16\" width=\"150\" height=\"150\" srcset=\"https:\/\/www.friedenkoeln.de\/wp-content\/uploads\/2016\/06\/B\u00fcchel-Blockade16-150x150.jpg 150w, https:\/\/www.friedenkoeln.de\/wp-content\/uploads\/2016\/06\/B\u00fcchel-Blockade16-65x65.jpg 65w\" sizes=\"auto, (max-width: 150px) 100vw, 150px\" \/><\/a>nicht lange, und das flei\u00dfige Milit\u00e4r \u00f6ffnete wieder Zufahrt Nr.1. So wechselten wir ein paar Mal hin und her. Viel Betrieb war zun\u00e4chst nicht am Haupttor zum Fliegerhorst, denn der 6.5. war ein \u201eBr\u00fcckentag\u201c. Wir schm\u00fcckten dann den Kreisel vor dem Tor mit Friedensfahnen und Anti-Atomkriegs-Bannern. Sehnlichst erwarteten wir den Sonnenaufgang. Bald danach kamen viele Ausfl\u00fcgler vorbei, winkten und zeigten zustimmend erhobene Daumen, einige allerdings auch Zeigefinger an die Stirn. Nach zweist\u00fcndigem Sonnenbad legten wir einige gemalte \u201eDie-in\u201c-Leichen in die Zufahrt zum Atomwaffenlager und beschrifteten den Asphalt: \u201e250 x Hiroshima\u201c. <a href=\"http:\/\/www.friedenkoeln.de\/wp-content\/uploads\/2016\/06\/B\u00fcchel-Blockade16b.jpg\" data-id=\"9523\" data-rel=\"lightbox-image-1\" data-rl_title=\"\" data-rl_caption=\"\" title=\"\"><img loading=\"lazy\" decoding=\"async\" class=\"size-thumbnail wp-image-9523 alignright\" src=\"http:\/\/www.friedenkoeln.de\/wp-content\/uploads\/2016\/06\/B\u00fcchel-Blockade16b-150x150.jpg\" alt=\"B\u00fcchel-Blockade16b\" width=\"150\" height=\"150\" srcset=\"https:\/\/www.friedenkoeln.de\/wp-content\/uploads\/2016\/06\/B\u00fcchel-Blockade16b-150x150.jpg 150w, https:\/\/www.friedenkoeln.de\/wp-content\/uploads\/2016\/06\/B\u00fcchel-Blockade16b-65x65.jpg 65w\" sizes=\"auto, (max-width: 150px) 100vw, 150px\" \/><\/a><\/p>\n<p class=\"western\">Das machte der Bundeswehr gro\u00dfe Sorgen, so dass sie die Polizei herbeitelefonierte. Die verhielt sich sehr freundlich, gab unseren Bedenken gegen die Atomwaffen Recht, bestand aber nichtsdestotrotz auf einer Personalienaufnahme. Bislang ist keine Anklage erfolgt. Die Banner blieben am Zaun der Wiese gegen\u00fcber h\u00e4ngen, neben denen von Vorg\u00e4nger*innen mit \u00e4hnlichen Slogans.<\/p>\n<p class=\"western\">\n","protected":false},"excerpt":{"rendered":"<p>Und eines Morgens in aller Fr\u00fche machten sich drei aus der K\u00f6lner DFG-VK-Gruppe auf, um den Atomwaffenst\u00fctzpunkt B\u00fcchel zu blockieren. Mit zwei Bannern \u2013 \u201eatomwaffenfrei jetzt!\u201c und \u201eUnsere Zukunft atomwaffenfrei!\u201c \u2013 konnten wir allerdings&#46;&#46;&#46;<\/p>\n","protected":false},"author":110,"featured_media":9522,"comment_status":"open","ping_status":"open","sticky":false,"template":"","format":"standard","meta":{"footnotes":""},"categories":[2],"tags":[33],"class_list":["post-9521","post","type-post","status-publish","format-standard","has-post-thumbnail","hentry","category-aktionen","tag-atomwaffen"],"_links":{"self":[{"href":"https:\/\/www.friedenkoeln.de\/index.php?rest_route=\/wp\/v2\/posts\/9521","targetHints":{"allow":["GET"]}}],"collection":[{"href":"https:\/\/www.friedenkoeln.de\/index.php?rest_route=\/wp\/v2\/posts"}],"about":[{"href":"https:\/\/www.friedenkoeln.de\/index.php?rest_route=\/wp\/v2\/types\/post"}],"author":[{"embeddable":true,"href":"https:\/\/www.friedenkoeln.de\/index.php?rest_route=\/wp\/v2\/users\/110"}],"replies":[{"embeddable":true,"href":"https:\/\/www.friedenkoeln.de\/index.php?rest_route=%2Fwp%2Fv2%2Fcomments&post=9521"}],"version-history":[{"count":4,"href":"https:\/\/www.friedenkoeln.de\/index.php?rest_route=\/wp\/v2\/posts\/9521\/revisions"}],"predecessor-version":[{"id":9601,"href":"https:\/\/www.friedenkoeln.de\/index.php?rest_route=\/wp\/v2\/posts\/9521\/revisions\/9601"}],"wp:featuredmedia":[{"embeddable":true,"href":"https:\/\/www.friedenkoeln.de\/index.php?rest_route=\/wp\/v2\/media\/9522"}],"wp:attachment":[{"href":"https:\/\/www.friedenkoeln.de\/index.php?rest_route=%2Fwp%2Fv2%2Fmedia&parent=9521"}],"wp:term":[{"taxonomy":"category","embeddable":true,"href":"https:\/\/www.friedenkoeln.de\/index.php?rest_route=%2Fwp%2Fv2%2Fcategories&post=9521"},{"taxonomy":"post_tag","embeddable":true,"href":"https:\/\/www.friedenkoeln.de\/index.php?rest_route=%2Fwp%2Fv2%2Ftags&post=9521"}],"curies":[{"name":"wp","href":"https:\/\/api.w.org\/{rel}","templated":true}]}}